{"id":3029,"date":"2024-11-01T22:25:54","date_gmt":"2024-11-01T22:25:54","guid":{"rendered":"https:\/\/securitybriefing.net\/?p=3029"},"modified":"2024-11-01T22:25:57","modified_gmt":"2024-11-01T22:25:57","slug":"hany-ev-700-nap","status":"publish","type":"post","link":"https:\/\/securitybriefing.net\/hu\/adat\/hany-ev-700-nap\/","title":{"rendered":"H\u00e1ny \u00e9v 700 nap"},"content":{"rendered":"<div style=\"max-width: 800px; margin: 0 auto; padding: 20px; background-color: white; font-family: Arial, sans-serif;\">\n    <!-- Original Time Converter Section --><\/p>\n<div style=\"margin-bottom: 30px;\">\n<h2 style=\"color: #061851;\">Alak\u00edtsa \u00e1t a 700 napot \u00e9vekre<\/h2>\n<p>        <!-- Border, shadow, and padding added to this container --><\/p>\n<div style=\"background-color: #f8f9fa; padding: 20px; border-radius: 5px; box-shadow: 0 4px 8px rgba(0, 0, 0, 0.1); border: 2px solid #e0e0e0;\">\n            <label for=\"days\" style=\"display: block; margin-bottom: 10px; font-size: 18px;\">Adja meg a napok sz\u00e1m\u00e1t:<\/label><br \/>\n            <input type=\"number\" id=\"days\" value=\"700\" style=\"width: 100%; padding: 10px; margin-bottom: 15px; border-radius: 4px; border: 1px solid #ced4da; font-size: 16px;\"><br \/>\n            <button onclick=\"convertToYears()\" style=\"background-color: #061851; color: white; border: none; padding: 10px 15px; font-size: 16px; cursor: pointer; border-radius: 5px; transition: background-color 0.3s;\">\u00c1tv\u00e1lt\u00e1s<\/button><\/p>\n<p id=\"result\" style=\"font-size: 16px; margin-top: 10px;\">1,92 \u00e9v<\/p>\n<\/p><\/div>\n<\/p><\/div>\n<p>    <!-- New Detailed Conversion Section with Steps --><\/p>\n<div style=\"margin-bottom: 30px;\">\n<h2 style=\"color: #061851; margin-top: 50px;\">Alak\u00edtsa \u00e1t a 700 napot \u00e9vekre \u2013 L\u00e9p\u00e9sr\u0151l l\u00e9p\u00e9sre<\/h2>\n<div style=\"background-color: #f8f9fa; padding: 20px; border-radius: 5px; box-shadow: 0 4px 8px rgba(0, 0, 0, 0.1); border: 2px solid #e0e0e0;\">\n<p style=\"font-size: 18px; font-weight: bold; position: relative;\">\n                Megold\u00e1si l\u00e9p\u00e9sek<br \/>\n                <span style=\"display: block; height: 4px; background-color: #061851; margin-top: 8px; border-radius: 2px;\"><\/span>\n            <\/p>\n<div style=\"border: 1px dashed #061851; padding: 10px; margin-top: 20px;\">\n<h3 style=\"font-size: 20px;\">Megold\u00e1si l\u00e9p\u00e9sek<\/h3>\n<p><strong>700 nap<\/strong><\/p>\n<p style=\"margin-left: 20px;\">1 \u00e9v = 365 nap<\/p>\n<p style=\"margin-left: 20px;\">= 700 \u00f7 365 \u00e9v<\/p>\n<p style=\"font-weight: bold; margin-left: 20px;\">= 1,92 \u00e9v<\/p>\n<\/p><\/div>\n<\/p><\/div>\n<\/p><\/div>\n<p>    <!-- Explanation of the Conversion Formula --><\/p>\n<div style=\"margin-bottom: 30px;\">\n<h2 style=\"color: #061851; margin-top: 50px;\">Az \u00e1tv\u00e1lt\u00e1si k\u00e9plet magyar\u00e1zata<\/h2>\n<p>Az itt haszn\u00e1lt \u00e1tv\u00e1lt\u00e1si t\u00e9nyez\u0151, azaz 365 nap \u00e9vente, a Gergely-napt\u00e1r szerinti \u00e9v \u00e1tlagos hossz\u00e1t jelenti. Ahhoz, hogy napokat \u00e9vekre v\u00e1ltsunk \u00e1t, osszuk el a napok sz\u00e1m\u00e1t 365-tel.<\/p>\n<p>Ez a k\u00e9plet \u00e1ltal\u00e1nos becsl\u00e9st ad, amely hasznos sok nap \u00e9vre t\u00f6rt\u00e9n\u0151 \u00e1tv\u00e1lt\u00e1s\u00e1hoz.<\/p>\n<\/p><\/div>\n<p>    <!-- Expanded Conversion Table Section --><\/p>\n<div style=\"margin-bottom: 30px;\">\n<h2 style=\"color: #061851;\">Napok \u00e9vekre \u00e1tv\u00e1lt\u00e1si t\u00e1bl\u00e1zat<\/h2>\n<table style=\"width: 100%; border-collapse: collapse; margin-top: 20px;\">\n<thead>\n<tr>\n<th style=\"padding: 10px; border: 1px solid #dee2e6; text-align: left; background-color: #f8f9fa;\">Napok<\/th>\n<th style=\"padding: 10px; border: 1px solid #dee2e6; text-align: left; background-color: #f8f9fa;\">\u00c9vek (kb.)<\/th>\n<\/tr>\n<\/thead>\n<tbody>\n<tr>\n<td style=\"padding: 10px; border: 1px solid #dee2e6;\">100 nap<\/td>\n<td style=\"padding: 10px; border: 1px solid #dee2e6;\">0,27 \u00e9v<\/td>\n<\/tr>\n<tr>\n<td style=\"padding: 10px; border: 1px solid #dee2e6;\">365 nap<\/td>\n<td style=\"padding: 10px; border: 1px solid #dee2e6;\">1 \u00e9v<\/td>\n<\/tr>\n<tr>\n<td style=\"padding: 10px; border: 1px solid #dee2e6;\">700 nap<\/td>\n<td style=\"padding: 10px; border: 1px solid #dee2e6;\">1,92 \u00e9v<\/td>\n<\/tr>\n<tr>\n<td style=\"padding: 10px; border: 1px solid #dee2e6;\">1000 nap<\/td>\n<td style=\"padding: 10px; border: 1px solid #dee2e6;\">2,74 \u00e9v<\/td>\n<\/tr>\n<tr>\n<td style=\"padding: 10px; border: 1px solid #dee2e6;\">1500 nap<\/td>\n<td style=\"padding: 10px; border: 1px solid #dee2e6;\">4,11 \u00e9v<\/td>\n<\/tr>\n<\/tbody>\n<\/table><\/div>\n<p>    <!-- Applications Section --><\/p>\n<div style=\"margin-bottom: 30px;\">\n<h2 style=\"color: #061851; margin-top: 50px;\">Napok \u00e9vekre \u00e1tv\u00e1lt\u00e1s\u00e1nak alkalmaz\u00e1sai<\/h2>\n<p>A napok \u00e9vekre t\u00f6rt\u00e9n\u0151 \u00e1tv\u00e1lt\u00e1sa hasznos lehet:<\/p>\n<ul style=\"margin-top: 10px; list-style-type: disc; padding-left: 20px;\">\n<li><strong>Projekttervez\u00e9s:<\/strong> T\u00f6bb \u00e9vet \u00e1t\u00edvel\u0151 projektid\u0151vonalak meg\u00e9rt\u00e9se.<\/li>\n<li><strong>\u00c9letkor sz\u00e1m\u00edt\u00e1sok:<\/strong> Napok \u00e9vekre t\u00f6rt\u00e9n\u0151 \u00e1tv\u00e1lt\u00e1sa hossz\u00fa t\u00e1v\u00fa \u00e9letkor m\u00e9rf\u00f6ldk\u00f6vek nyomon k\u00f6vet\u00e9sekor.<\/li>\n<li><strong>T\u00f6rt\u00e9nelmi esem\u00e9nyek:<\/strong> D\u00e1tumok \u00e9s id\u0151tartamok \u00f6sszehasonl\u00edt\u00e1sa \u00e9rthet\u0151bb \u00e9ves form\u00e1tumban.<\/li>\n<\/ul><\/div>\n<p>    <!-- Additional Unit Context --><\/p>\n<div style=\"margin-bottom: 30px;\">\n<h2 style=\"color: #061851; margin-top: 50px;\">Az \u00e9vek meg\u00e9rt\u00e9se mindennapi \u00e9rtelemben<\/h2>\n<p>Egy \u00e9v azt az id\u0151tartamot jelenti, amely alatt a F\u00f6ld megker\u00fcli a Napot, ami k\u00f6r\u00fclbel\u00fcl 365 nap. Az id\u0151 \u00e9vekben val\u00f3 kifejez\u00e9se seg\u00edt nagyobb id\u0151tartamokat \u00e9rtelmes m\u00f3don viszony\u00edtani.<\/p>\n<\/p><\/div>\n<\/div>\n<p><!-- JavaScript for the Converter --><br \/>\n<script>\nfunction convertToYears() {\n    var days = document.getElementById(\"days\").value;\n    var years = (days \/ 365).toFixed(2);\n    document.getElementById(\"result\").textContent = years + \" years\";\n}\n<\/script><\/p>","protected":false},"excerpt":{"rendered":"<p>700 nap \u00e1tv\u00e1lt\u00e1sa \u00e9vekre Adja meg a napokat: \u00c1tv\u00e1lt\u00e1s 1.92 \u00e9v \u00c1tv\u00e1lt\u00e1s 700 nap \u00e9vekre \u2013 L\u00e9p\u00e9sr\u0151l l\u00e9p\u00e9sre megold\u00e1s L\u00e9p\u00e9sek Megold\u00e1si l\u00e9p\u00e9sek 700 nap 1 \u00e9v = 365 nap\u2026 <a class=\"more-link\" href=\"https:\/\/securitybriefing.net\/hu\/adat\/hany-ev-700-nap\/\">Folytat\u00e1s <span class=\"screen-reader-text\">H\u00e1ny \u00e9v 700 nap<\/span><\/a><\/p>","protected":false},"author":3,"featured_media":3030,"comment_status":"closed","ping_status":"closed","sticky":false,"template":"","format":"standard","meta":{"footnotes":""},"categories":[43],"tags":[],"class_list":["post-3029","post","type-post","status-publish","format-standard","has-post-thumbnail","hentry","category-data","entry"],"yoast_head":"<!-- This site is optimized with the Yoast SEO plugin v26.8 - https:\/\/yoast.com\/product\/yoast-seo-wordpress\/ -->\n<title>How Many Years Is 700 Days | Security Briefing<\/title>\n<meta name=\"robots\" content=\"index, follow, max-snippet:-1, max-image-preview:large, max-video-preview:-1\" \/>\n<link rel=\"canonical\" href=\"https:\/\/securitybriefing.net\/hu\/adat\/hany-ev-700-nap\/\" \/>\n<meta property=\"og:locale\" content=\"hu_HU\" \/>\n<meta property=\"og:type\" content=\"article\" \/>\n<meta property=\"og:title\" content=\"How Many Years Is 700 Days | Security Briefing\" \/>\n<meta property=\"og:description\" content=\"Convert 700 Days to Years Enter days: Convert 1.92 years Convert 700 Days to Years &#8211; Step by Step Solution Steps Solution Steps 700 days 1 year = 365 days&hellip; Continue reading How Many Years Is 700 Days\" \/>\n<meta property=\"og:url\" content=\"https:\/\/securitybriefing.net\/hu\/adat\/hany-ev-700-nap\/\" \/>\n<meta property=\"og:site_name\" content=\"Security Briefing\" \/>\n<meta property=\"article:published_time\" content=\"2024-11-01T22:25:54+00:00\" \/>\n<meta property=\"article:modified_time\" content=\"2024-11-01T22:25:57+00:00\" \/>\n<meta property=\"og:image\" content=\"https:\/\/securitybriefing.net\/wp-content\/uploads\/2024\/11\/How-Many-Years-Is-700-Days.jpg\" \/>\n\t<meta property=\"og:image:width\" content=\"1265\" \/>\n\t<meta property=\"og:image:height\" content=\"422\" \/>\n\t<meta property=\"og:image:type\" content=\"image\/jpeg\" \/>\n<meta name=\"author\" content=\"C\u00e9sar Daniel Barreto\" \/>\n<meta name=\"twitter:card\" content=\"summary_large_image\" \/>\n<meta name=\"twitter:label1\" content=\"Szerz\u0151:\" \/>\n\t<meta name=\"twitter:data1\" content=\"C\u00e9sar Daniel Barreto\" \/>\n\t<meta name=\"twitter:label2\" content=\"Becs\u00fclt olvas\u00e1si id\u0151\" \/>\n\t<meta name=\"twitter:data2\" content=\"2 perc\" \/>\n<script type=\"application\/ld+json\" class=\"yoast-schema-graph\">{\"@context\":\"https:\/\/schema.org\",\"@graph\":[{\"@type\":\"Article\",\"@id\":\"https:\/\/securitybriefing.net\/data\/how-many-years-is-700-days\/#article\",\"isPartOf\":{\"@id\":\"https:\/\/securitybriefing.net\/data\/how-many-years-is-700-days\/\"},\"author\":{\"name\":\"C\u00e9sar Daniel Barreto\",\"@id\":\"https:\/\/securitybriefing.net\/#\/schema\/person\/0230d7aa907e63f4dde268df6f63ed44\"},\"headline\":\"How Many Years Is 700 Days\",\"datePublished\":\"2024-11-01T22:25:54+00:00\",\"dateModified\":\"2024-11-01T22:25:57+00:00\",\"mainEntityOfPage\":{\"@id\":\"https:\/\/securitybriefing.net\/data\/how-many-years-is-700-days\/\"},\"wordCount\":184,\"publisher\":{\"@id\":\"https:\/\/securitybriefing.net\/#organization\"},\"image\":{\"@id\":\"https:\/\/securitybriefing.net\/data\/how-many-years-is-700-days\/#primaryimage\"},\"thumbnailUrl\":\"https:\/\/securitybriefing.net\/wp-content\/uploads\/2024\/11\/How-Many-Years-Is-700-Days.jpg\",\"articleSection\":[\"data\"],\"inLanguage\":\"hu\"},{\"@type\":\"WebPage\",\"@id\":\"https:\/\/securitybriefing.net\/data\/how-many-years-is-700-days\/\",\"url\":\"https:\/\/securitybriefing.net\/data\/how-many-years-is-700-days\/\",\"name\":\"How Many Years Is 700 Days | Security Briefing\",\"isPartOf\":{\"@id\":\"https:\/\/securitybriefing.net\/#website\"},\"primaryImageOfPage\":{\"@id\":\"https:\/\/securitybriefing.net\/data\/how-many-years-is-700-days\/#primaryimage\"},\"image\":{\"@id\":\"https:\/\/securitybriefing.net\/data\/how-many-years-is-700-days\/#primaryimage\"},\"thumbnailUrl\":\"https:\/\/securitybriefing.net\/wp-content\/uploads\/2024\/11\/How-Many-Years-Is-700-Days.jpg\",\"datePublished\":\"2024-11-01T22:25:54+00:00\",\"dateModified\":\"2024-11-01T22:25:57+00:00\",\"breadcrumb\":{\"@id\":\"https:\/\/securitybriefing.net\/data\/how-many-years-is-700-days\/#breadcrumb\"},\"inLanguage\":\"hu\",\"potentialAction\":[{\"@type\":\"ReadAction\",\"target\":[\"https:\/\/securitybriefing.net\/data\/how-many-years-is-700-days\/\"]}]},{\"@type\":\"ImageObject\",\"inLanguage\":\"hu\",\"@id\":\"https:\/\/securitybriefing.net\/data\/how-many-years-is-700-days\/#primaryimage\",\"url\":\"https:\/\/securitybriefing.net\/wp-content\/uploads\/2024\/11\/How-Many-Years-Is-700-Days.jpg\",\"contentUrl\":\"https:\/\/securitybriefing.net\/wp-content\/uploads\/2024\/11\/How-Many-Years-Is-700-Days.jpg\",\"width\":1265,\"height\":422,\"caption\":\"How Many Years Is 700 Days\"},{\"@type\":\"BreadcrumbList\",\"@id\":\"https:\/\/securitybriefing.net\/data\/how-many-years-is-700-days\/#breadcrumb\",\"itemListElement\":[{\"@type\":\"ListItem\",\"position\":1,\"name\":\"Home\",\"item\":\"https:\/\/securitybriefing.net\/\"},{\"@type\":\"ListItem\",\"position\":2,\"name\":\"How Many Years Is 700 Days\"}]},{\"@type\":\"WebSite\",\"@id\":\"https:\/\/securitybriefing.net\/#website\",\"url\":\"https:\/\/securitybriefing.net\/\",\"name\":\"Security Briefing\",\"description\":\"Read cybersecurity news, online safety guides, cyber threat updates, and use free security tools from Security Briefing.\",\"publisher\":{\"@id\":\"https:\/\/securitybriefing.net\/#organization\"},\"potentialAction\":[{\"@type\":\"SearchAction\",\"target\":{\"@type\":\"EntryPoint\",\"urlTemplate\":\"https:\/\/securitybriefing.net\/?s={search_term_string}\"},\"query-input\":{\"@type\":\"PropertyValueSpecification\",\"valueRequired\":true,\"valueName\":\"search_term_string\"}}],\"inLanguage\":\"hu\"},{\"@type\":\"Organization\",\"@id\":\"https:\/\/securitybriefing.net\/#organization\",\"name\":\"Security Briefing\",\"url\":\"https:\/\/securitybriefing.net\/\",\"logo\":{\"@type\":\"ImageObject\",\"inLanguage\":\"hu\",\"@id\":\"https:\/\/securitybriefing.net\/#\/schema\/logo\/image\/\",\"url\":\"https:\/\/securitybriefing.net\/wp-content\/uploads\/2023\/06\/security-briefing-logo-5.png\",\"contentUrl\":\"https:\/\/securitybriefing.net\/wp-content\/uploads\/2023\/06\/security-briefing-logo-5.png\",\"width\":256,\"height\":70,\"caption\":\"Security Briefing\"},\"image\":{\"@id\":\"https:\/\/securitybriefing.net\/#\/schema\/logo\/image\/\"}},{\"@type\":\"Person\",\"@id\":\"https:\/\/securitybriefing.net\/#\/schema\/person\/0230d7aa907e63f4dde268df6f63ed44\",\"name\":\"C\u00e9sar Daniel Barreto\",\"image\":{\"@type\":\"ImageObject\",\"inLanguage\":\"hu\",\"@id\":\"https:\/\/securitybriefing.net\/#\/schema\/person\/image\/\",\"url\":\"https:\/\/secure.gravatar.com\/avatar\/9e709cab74f02e628ffc32849980d0ea51903be7d4bcb52e99250bac60f0b683?s=96&d=mm&r=g\",\"contentUrl\":\"https:\/\/secure.gravatar.com\/avatar\/9e709cab74f02e628ffc32849980d0ea51903be7d4bcb52e99250bac60f0b683?s=96&d=mm&r=g\",\"caption\":\"C\u00e9sar Daniel Barreto\"},\"description\":\"C\u00e9sar Daniel Barreto is an esteemed cybersecurity writer and expert, known for his in-depth knowledge and ability to simplify complex cyber security topics. With extensive experience in network security and data protection, he regularly contributes insightful articles and analysis on the latest cybersecurity trends, educating both professionals and the public.\",\"url\":\"https:\/\/securitybriefing.net\/hu\/author\/cesarbarreto\/\"}]}<\/script>\n<!-- \/ Yoast SEO plugin. -->","yoast_head_json":{"title":"H\u00e1ny \u00c9v 700 Nap | Biztons\u00e1gi T\u00e1j\u00e9koztat\u00f3","robots":{"index":"index","follow":"follow","max-snippet":"max-snippet:-1","max-image-preview":"max-image-preview:large","max-video-preview":"max-video-preview:-1"},"canonical":"https:\/\/securitybriefing.net\/hu\/adat\/hany-ev-700-nap\/","og_locale":"hu_HU","og_type":"article","og_title":"How Many Years Is 700 Days | Security Briefing","og_description":"Convert 700 Days to Years Enter days: Convert 1.92 years Convert 700 Days to Years &#8211; Step by Step Solution Steps Solution Steps 700 days 1 year = 365 days&hellip; Continue reading How Many Years Is 700 Days","og_url":"https:\/\/securitybriefing.net\/hu\/adat\/hany-ev-700-nap\/","og_site_name":"Security Briefing","article_published_time":"2024-11-01T22:25:54+00:00","article_modified_time":"2024-11-01T22:25:57+00:00","og_image":[{"width":1265,"height":422,"url":"https:\/\/securitybriefing.net\/wp-content\/uploads\/2024\/11\/How-Many-Years-Is-700-Days.jpg","type":"image\/jpeg"}],"author":"C\u00e9sar Daniel Barreto","twitter_card":"summary_large_image","twitter_misc":{"Szerz\u0151:":"C\u00e9sar Daniel Barreto","Becs\u00fclt olvas\u00e1si id\u0151":"2 perc"},"schema":{"@context":"https:\/\/schema.org","@graph":[{"@type":"Article","@id":"https:\/\/securitybriefing.net\/data\/how-many-years-is-700-days\/#article","isPartOf":{"@id":"https:\/\/securitybriefing.net\/data\/how-many-years-is-700-days\/"},"author":{"name":"C\u00e9sar Daniel Barreto","@id":"https:\/\/securitybriefing.net\/#\/schema\/person\/0230d7aa907e63f4dde268df6f63ed44"},"headline":"How Many Years Is 700 Days","datePublished":"2024-11-01T22:25:54+00:00","dateModified":"2024-11-01T22:25:57+00:00","mainEntityOfPage":{"@id":"https:\/\/securitybriefing.net\/data\/how-many-years-is-700-days\/"},"wordCount":184,"publisher":{"@id":"https:\/\/securitybriefing.net\/#organization"},"image":{"@id":"https:\/\/securitybriefing.net\/data\/how-many-years-is-700-days\/#primaryimage"},"thumbnailUrl":"https:\/\/securitybriefing.net\/wp-content\/uploads\/2024\/11\/How-Many-Years-Is-700-Days.jpg","articleSection":["data"],"inLanguage":"hu"},{"@type":"WebPage","@id":"https:\/\/securitybriefing.net\/data\/how-many-years-is-700-days\/","url":"https:\/\/securitybriefing.net\/data\/how-many-years-is-700-days\/","name":"H\u00e1ny \u00c9v 700 Nap | Biztons\u00e1gi T\u00e1j\u00e9koztat\u00f3","isPartOf":{"@id":"https:\/\/securitybriefing.net\/#website"},"primaryImageOfPage":{"@id":"https:\/\/securitybriefing.net\/data\/how-many-years-is-700-days\/#primaryimage"},"image":{"@id":"https:\/\/securitybriefing.net\/data\/how-many-years-is-700-days\/#primaryimage"},"thumbnailUrl":"https:\/\/securitybriefing.net\/wp-content\/uploads\/2024\/11\/How-Many-Years-Is-700-Days.jpg","datePublished":"2024-11-01T22:25:54+00:00","dateModified":"2024-11-01T22:25:57+00:00","breadcrumb":{"@id":"https:\/\/securitybriefing.net\/data\/how-many-years-is-700-days\/#breadcrumb"},"inLanguage":"hu","potentialAction":[{"@type":"ReadAction","target":["https:\/\/securitybriefing.net\/data\/how-many-years-is-700-days\/"]}]},{"@type":"ImageObject","inLanguage":"hu","@id":"https:\/\/securitybriefing.net\/data\/how-many-years-is-700-days\/#primaryimage","url":"https:\/\/securitybriefing.net\/wp-content\/uploads\/2024\/11\/How-Many-Years-Is-700-Days.jpg","contentUrl":"https:\/\/securitybriefing.net\/wp-content\/uploads\/2024\/11\/How-Many-Years-Is-700-Days.jpg","width":1265,"height":422,"caption":"How Many Years Is 700 Days"},{"@type":"BreadcrumbList","@id":"https:\/\/securitybriefing.net\/data\/how-many-years-is-700-days\/#breadcrumb","itemListElement":[{"@type":"ListItem","position":1,"name":"Home","item":"https:\/\/securitybriefing.net\/"},{"@type":"ListItem","position":2,"name":"How Many Years Is 700 Days"}]},{"@type":"WebSite","@id":"https:\/\/securitybriefing.net\/#website","url":"https:\/\/securitybriefing.net\/","name":"Biztons\u00e1gi t\u00e1j\u00e9koztat\u00f3","description":"Read cybersecurity news, online safety guides, cyber threat updates, and use free security tools from Security Briefing.","publisher":{"@id":"https:\/\/securitybriefing.net\/#organization"},"potentialAction":[{"@type":"SearchAction","target":{"@type":"EntryPoint","urlTemplate":"https:\/\/securitybriefing.net\/?s={search_term_string}"},"query-input":{"@type":"PropertyValueSpecification","valueRequired":true,"valueName":"search_term_string"}}],"inLanguage":"hu"},{"@type":"Organization","@id":"https:\/\/securitybriefing.net\/#organization","name":"Biztons\u00e1gi t\u00e1j\u00e9koztat\u00f3","url":"https:\/\/securitybriefing.net\/","logo":{"@type":"ImageObject","inLanguage":"hu","@id":"https:\/\/securitybriefing.net\/#\/schema\/logo\/image\/","url":"https:\/\/securitybriefing.net\/wp-content\/uploads\/2023\/06\/security-briefing-logo-5.png","contentUrl":"https:\/\/securitybriefing.net\/wp-content\/uploads\/2023\/06\/security-briefing-logo-5.png","width":256,"height":70,"caption":"Security Briefing"},"image":{"@id":"https:\/\/securitybriefing.net\/#\/schema\/logo\/image\/"}},{"@type":"Person","@id":"https:\/\/securitybriefing.net\/#\/schema\/person\/0230d7aa907e63f4dde268df6f63ed44","name":"C\u00e9sar D\u00e1niel Barreto","image":{"@type":"ImageObject","inLanguage":"hu","@id":"https:\/\/securitybriefing.net\/#\/schema\/person\/image\/","url":"https:\/\/secure.gravatar.com\/avatar\/9e709cab74f02e628ffc32849980d0ea51903be7d4bcb52e99250bac60f0b683?s=96&d=mm&r=g","contentUrl":"https:\/\/secure.gravatar.com\/avatar\/9e709cab74f02e628ffc32849980d0ea51903be7d4bcb52e99250bac60f0b683?s=96&d=mm&r=g","caption":"C\u00e9sar Daniel Barreto"},"description":"C\u00e9sar Daniel Barreto elismert kiberbiztons\u00e1gi \u00edr\u00f3 \u00e9s szak\u00e9rt\u0151, aki m\u00e9lyrehat\u00f3 tud\u00e1s\u00e1r\u00f3l \u00e9s k\u00e9pess\u00e9g\u00e9r\u0151l ismert, hogy egyszer\u0171s\u00edtse a bonyolult kiberbiztons\u00e1gi t\u00e9m\u00e1kat. Kiterjedt h\u00e1l\u00f3zatbiztons\u00e1gi \u00e9s adatv\u00e9delmi tapasztalattal rendelkezik, rendszeresen k\u00f6z\u00f6l betekint\u0151 cikkeket \u00e9s elemz\u00e9seket a leg\u00fajabb kiberbiztons\u00e1gi trendekr\u0151l, oktatva mind a szakembereket, mind a nagyk\u00f6z\u00f6ns\u00e9get.","url":"https:\/\/securitybriefing.net\/hu\/author\/cesarbarreto\/"}]}},"_links":{"self":[{"href":"https:\/\/securitybriefing.net\/hu\/wp-json\/wp\/v2\/posts\/3029","targetHints":{"allow":["GET"]}}],"collection":[{"href":"https:\/\/securitybriefing.net\/hu\/wp-json\/wp\/v2\/posts"}],"about":[{"href":"https:\/\/securitybriefing.net\/hu\/wp-json\/wp\/v2\/types\/post"}],"author":[{"embeddable":true,"href":"https:\/\/securitybriefing.net\/hu\/wp-json\/wp\/v2\/users\/3"}],"replies":[{"embeddable":true,"href":"https:\/\/securitybriefing.net\/hu\/wp-json\/wp\/v2\/comments?post=3029"}],"version-history":[{"count":0,"href":"https:\/\/securitybriefing.net\/hu\/wp-json\/wp\/v2\/posts\/3029\/revisions"}],"wp:featuredmedia":[{"embeddable":true,"href":"https:\/\/securitybriefing.net\/hu\/wp-json\/wp\/v2\/media\/3030"}],"wp:attachment":[{"href":"https:\/\/securitybriefing.net\/hu\/wp-json\/wp\/v2\/media?parent=3029"}],"wp:term":[{"taxonomy":"category","embeddable":true,"href":"https:\/\/securitybriefing.net\/hu\/wp-json\/wp\/v2\/categories?post=3029"},{"taxonomy":"post_tag","embeddable":true,"href":"https:\/\/securitybriefing.net\/hu\/wp-json\/wp\/v2\/tags?post=3029"}],"curies":[{"name":"wp","href":"https:\/\/api.w.org\/{rel}","templated":true}]}}