{"id":5338,"date":"2026-02-19T19:37:20","date_gmt":"2026-02-19T19:37:20","guid":{"rendered":"https:\/\/securitybriefing.net\/?p=5338"},"modified":"2026-02-27T15:59:05","modified_gmt":"2026-02-27T15:59:05","slug":"az-ai-atalakulas-a-kormanyzas-problemaja","status":"publish","type":"post","link":"https:\/\/securitybriefing.net\/hu\/mesterseges-intelligencia\/az-ai-atalakulas-a-kormanyzas-problemaja\/","title":{"rendered":"Az AI \u00c1talakul\u00e1s Korm\u00e1nyz\u00e1si Probl\u00e9ma"},"content":{"rendered":"<p>A mesters\u00e9ges intelligencia m\u00e1r nem egy k\u00eds\u00e9rleti technol\u00f3gia, amely kutat\u00f3laborat\u00f3riumokra vagy innov\u00e1ci\u00f3s csapatokra korl\u00e1toz\u00f3dik. Be\u00e1gyaz\u00f3dott a toborz\u00e1si rendszerekbe, hitelmin\u0151s\u00edt\u00e9si modellekbe, orvosi diagnosztikai eszk\u00f6z\u00f6kbe, csal\u00e1sfelder\u00edt\u00e9si eszk\u00f6z\u00f6kbe, ell\u00e1t\u00e1si l\u00e1ncokba, marketing automatiz\u00e1ci\u00f3ba \u00e9s \u00fcgyf\u00e9lszolg\u00e1lati platformokba. A szervezetek gyakran \u201c<a href=\"https:\/\/securitybriefing.net\/ai\/where-and-how-can-ai-be-used-in-business\/\">MI \u00e1talakul\u00e1s<\/a>,\u201d-k\u00e9nt \u00edrj\u00e1k le ezt a v\u00e1ltoz\u00e1st, technol\u00f3giai friss\u00edt\u00e9sk\u00e9nt vagy versenyel\u0151nyk\u00e9nt keretezve. Azonban a m\u00e9lyebb val\u00f3s\u00e1g ink\u00e1bb struktur\u00e1lis. Az MI \u00e1talakul\u00e1s korm\u00e1nyz\u00e1si probl\u00e9ma.<\/p>\n\n\n\n<p>A kih\u00edv\u00e1s nem csup\u00e1n a pontos modellek \u00e9p\u00edt\u00e9s\u00e9r\u0151l vagy a gyorsabb infrastrukt\u00fara bevezet\u00e9s\u00e9r\u0151l sz\u00f3l. Arr\u00f3l sz\u00f3l, hogy meghat\u00e1rozzuk, ki a felel\u0151s, hogyan \u00e9rt\u00e9kelj\u00fck a kock\u00e1zatokat, mely \u00e9rt\u00e9kek vannak be\u00e1gyazva az automatiz\u00e1lt d\u00f6nt\u00e9sekbe, \u00e9s hogyan biztos\u00edtj\u00e1k a szervezetek, hogy az MI rendszerek id\u0151vel \u00f6sszhangban maradjanak a jogi, etikai \u00e9s t\u00e1rsadalmi elv\u00e1r\u00e1sokkal. Korm\u00e1nyz\u00e1s n\u00e9lk\u00fcl az MI nem sk\u00e1l\u00e1z\u00f3dik felel\u0151ss\u00e9gteljesen. Kisz\u00e1m\u00edthatatlanul sk\u00e1l\u00e1z\u00f3dik.<\/p>\n\n\n\n<p>Ez a cikk megvizsg\u00e1lja, mi\u00e9rt alapvet\u0151en korm\u00e1nyz\u00e1si k\u00e9rd\u00e9s az MI \u00e1talakul\u00e1s, mit jelent ez a gyakorlatban, \u00e9s hogyan tervezhetnek a szervezetek olyan rendszereket, amelyek egyens\u00falyba hozz\u00e1k az innov\u00e1ci\u00f3t a felel\u0151ss\u00e9ggel.<\/p>\n\n\n<h2 class=\"wp-block-heading\" id=\"ai-governance-as-the-core-of-transformation\">Az MI korm\u00e1nyz\u00e1s mint az \u00e1talakul\u00e1s k\u00f6zponti eleme<\/h2>\n\n\n<p>Az MI korm\u00e1nyz\u00e1s nem egy ellen\u0151rz\u0151 lista vagy egy politikai dokumentum. Ez egy koordin\u00e1lt strukt\u00far\u00e1k, szerepek, technikai biztos\u00edt\u00e9kok \u00e9s felel\u0151ss\u00e9gi mechanizmusok rendszere, amely ir\u00e1ny\u00edtja, hogyan tervezik, telep\u00edtik, figyelik \u00e9s vonj\u00e1k vissza az MI-t.<\/p>\n\n\n\n<p>Az MI korm\u00e1nyz\u00e1s h\u00e1rom alapvet\u0151 k\u00e9rd\u00e9st kezel:<\/p>\n\n\n\n<ol class=\"wp-block-list\">\n<li>Ki a felel\u0151s?<\/li>\n\n\n\n<li>Hogyan \u00e9rt\u00e9kelik \u00e9s m\u00e9rs\u00e9klik a kock\u00e1zatokat?<\/li>\n\n\n\n<li>Hogyan mutatj\u00e1k be \u00e9s audit\u00e1lj\u00e1k a megfelel\u00e9st?<\/li>\n<\/ol>\n\n\n\n<p>A hagyom\u00e1nyos IT menedzsmentben a siker m\u00e9rc\u00e9je az \u00fczemid\u0151, a rendszer megb\u00edzhat\u00f3s\u00e1ga \u00e9s a k\u00f6lts\u00e9ghat\u00e9konys\u00e1g. Az MI rendszerek \u00faj dimenzi\u00f3t vezetnek be. Val\u00f3sz\u00edn\u0171s\u00e9gi d\u00f6nt\u00e9seket hoznak, adatokat tanulnak, \u00e9s \u00f6sszetett m\u00f3don befoly\u00e1solhatj\u00e1k az emberi eredm\u00e9nyeket. Ennek eredm\u00e9nyek\u00e9nt a korm\u00e1nyz\u00e1snak t\u00fal kell l\u00e9pnie a technikai teljes\u00edtm\u00e9nyen, hogy mag\u00e1ban foglalja a m\u00e9lt\u00e1nyoss\u00e1got, \u00e1tl\u00e1that\u00f3s\u00e1got, magyar\u00e1zhat\u00f3s\u00e1got \u00e9s jogok v\u00e9delm\u00e9t.<\/p>\n\n\n\n<p>Azok a szervezetek, amelyek az MI-t puszt\u00e1n technikai friss\u00edt\u00e9sk\u00e9nt kezelik, gyakran k\u00e9s\u0151bb probl\u00e9m\u00e1kkal szembes\u00fclnek. Az automatiz\u00e1lt toborz\u00e1si eszk\u00f6z\u00f6k elfogults\u00e1ga, a diszkriminat\u00edv hitelalgoritmusok, az \u00e1tl\u00e1thatatlan \u00e1raz\u00e1si rendszerek vagy a nem biztons\u00e1gos auton\u00f3m d\u00f6nt\u00e9sek ritk\u00e1n sz\u00e1rmaznak csak k\u00f3dol\u00e1si hib\u00e1kb\u00f3l. Ezek gyenge korm\u00e1nyz\u00e1sb\u00f3l erednek: tiszt\u00e1zatlan felel\u0151ss\u00e9g, el\u00e9gtelen dokument\u00e1ci\u00f3, nem megfelel\u0151 tesztel\u00e9s vagy hi\u00e1nyz\u00f3 fel\u00fcgyeleti strukt\u00far\u00e1k.<\/p>\n\n\n\n<p>Az MI \u00e1talakul\u00e1s teh\u00e1t els\u0151sorban nem a modellekr\u0151l sz\u00f3l. Az int\u00e9zm\u00e9nyi tervez\u00e9sr\u0151l sz\u00f3l.<\/p>\n\n\n<h2 class=\"wp-block-heading\" id=\"data-integrity-and-data-sovereignty\">Adatintegrit\u00e1s \u00e9s adatszuverenit\u00e1s<\/h2>\n\n\n<p>Az MI rendszerek csak annyira megb\u00edzhat\u00f3ak, amennyire az \u0151ket m\u0171k\u00f6dtet\u0151 adatok. <a href=\"https:\/\/securitybriefing.net\/hu\/kiberbiztonsag\/mi-az-adatgazda-es-miert-fontosak\/\">Az adatintegrit\u00e1s<\/a> mag\u00e1ban foglalja a pontoss\u00e1got, teljess\u00e9get, nyomon k\u00f6vethet\u0151s\u00e9get \u00e9s jogszer\u0171 haszn\u00e1latot. A gyenge adatkezel\u00e9s k\u00f6zvetlen\u00fcl hib\u00e1s MI kimeneteket eredm\u00e9nyez.<\/p>\n\n\n\n<p>Az olyan szab\u00e1lyoz\u00e1sok, mint az <a href=\"https:\/\/securitybriefing.net\/hu\/adatvedelem\/a-2023-as-adatvedelmi-torvenyek-elorelepesei\/\">\u00c1ltal\u00e1nos Adatv\u00e9delmi Rendelet (GDPR) <\/a>az Eur\u00f3pai Uni\u00f3ban \u00e9s a Kaliforniai Fogyaszt\u00f3i Adatv\u00e9delmi T\u00f6rv\u00e9ny (CCPA) az Egyes\u00fclt \u00c1llamokban szigor\u00fa k\u00f6vetelm\u00e9nyeket t\u00e1masztanak az adatfeldolgoz\u00e1ssal, hozz\u00e1j\u00e1rul\u00e1ssal, \u00e1tl\u00e1that\u00f3s\u00e1ggal \u00e9s felhaszn\u00e1l\u00f3i jogokkal kapcsolatban. Ezek a t\u00f6rv\u00e9nyek nem szab\u00e1lyozz\u00e1k kifejezetten az MI-t mint technol\u00f3gi\u00e1t. Ehelyett az adat-\u00e9letciklust szab\u00e1lyozz\u00e1k. Mivel az MI er\u0151sen f\u00fcgg az adatokt\u00f3l, a korm\u00e1nyz\u00e1si kereteknek integr\u00e1lniuk kell az adatv\u00e9delmi megfelel\u00e9st a kezdetekt\u0151l fogva.<\/p>\n\n\n\n<p>Az adatszuverenit\u00e1s tov\u00e1bbi \u00f6sszetetts\u00e9get ad hozz\u00e1. Az adatok gyakran annak a joghat\u00f3s\u00e1gnak vannak al\u00e1vetve, ahol gy\u0171jtik vagy t\u00e1rolj\u00e1k \u0151ket. A hat\u00e1rokon \u00e1tny\u00fal\u00f3 MI telep\u00edt\u00e9sekn\u00e9l a szervezeteknek navig\u00e1lniuk kell az adatlokaliz\u00e1ci\u00f3ra, \u00e1tvitelkorl\u00e1toz\u00e1sokra \u00e9s biztons\u00e1gi szabv\u00e1nyokra vonatkoz\u00f3 nemzeti szab\u00e1lyok k\u00f6vetkezetlens\u00e9gei k\u00f6z\u00f6tt.<\/p>\n\n\n\n<p>P\u00e9ld\u00e1ul egy multinacion\u00e1lis v\u00e1llalat, amely el\u0151rejelz\u0151 analitikai modellt telep\u00edt r\u00e9gi\u00f3k k\u00f6z\u00f6tt, biztos\u00edtania kell, hogy:<\/p>\n\n\n\n<ul class=\"wp-block-list\">\n<li>Az oktat\u00e1si adatgy\u0171jt\u00e9s megfeleljen a helyi hozz\u00e1j\u00e1rul\u00e1si k\u00f6vetelm\u00e9nyeknek.<\/li>\n\n\n\n<li>A hat\u00e1rokon \u00e1tny\u00fal\u00f3 \u00e1tvitelek megfeleljenek az alkalmass\u00e1gi szabv\u00e1nyoknak.<\/li>\n\n\n\n<li>Az adatmeg\u0151rz\u00e9si politik\u00e1k \u00f6sszhangban legyenek a region\u00e1lis k\u00f6telezetts\u00e9gekkel.<\/li>\n\n\n\n<li>A modell \u00fajratanul\u00e1si folyamatai ne vezessenek v\u00e9letlen\u00fcl vissza korl\u00e1tozott adatokat.<\/li>\n<\/ul>\n\n\n\n<p>Az adatok kezel\u00e9s\u00e9ben elk\u00f6vetett korm\u00e1nyz\u00e1si hib\u00e1k \u00e9rv\u00e9nytelen\u00edthetik az MI kezdem\u00e9nyez\u00e9seket, f\u00fcggetlen\u00fcl a technikai kifinomults\u00e1gt\u00f3l.<\/p>\n\n\n<h3 class=\"wp-block-heading\" id=\"human-oversight-and-accountability\">Emberi fel\u00fcgyelet \u00e9s felel\u0151ss\u00e9g<\/h3>\n\n\n<p><a href=\"https:\/\/securitybriefing.net\/hu\/mesterseges-intelligencia\/a-mesterseges-intelligencia-hasznalata-a-kiberbiztonsagi-automatizalasi-folyamatok-javitasara-feladatok-eseten\/\">Az automatiz\u00e1ci\u00f3 <\/a>nem sz\u00fcnteti meg a felel\u0151ss\u00e9get. \u00c1trendezi azt. Az MI korm\u00e1nyz\u00e1snak vil\u00e1gosan meg kell hat\u00e1roznia, mikor sz\u00fcks\u00e9ges az emberi fel\u00fcgyelet, \u00e9s hogyan val\u00f3s\u00edtj\u00e1k meg azt.<\/p>\n\n\n\n<p>Az emberi fel\u00fcgyelet t\u00f6bb form\u00e1t \u00f6lthet:<\/p>\n\n\n\n<ul class=\"wp-block-list\">\n<li><strong>Ember a hurokban:<\/strong> A d\u00f6nt\u00e9sekhez emberi j\u00f3v\u00e1hagy\u00e1s sz\u00fcks\u00e9ges a v\u00e9gleges\u00edt\u00e9s el\u0151tt.<\/li>\n\n\n\n<li><strong>Ember a hurok k\u00f6r\u00fcl:<\/strong> Az emberek fel\u00fcgyelik az MI m\u0171veleteket, \u00e9s beavatkoznak, amikor anom\u00e1li\u00e1k jelennek meg.<\/li>\n\n\n\n<li><strong>Ember a parancsnoks\u00e1gban:<\/strong> A strat\u00e9giai fel\u00fcgyelet a fels\u0151 vezet\u00e9sn\u00e9l marad.<\/li>\n<\/ul>\n\n\n\n<p>A fel\u00fcgyelet szintj\u00e9nek meg kell felelnie a rendszer kock\u00e1zati szintj\u00e9nek. Nagy hat\u00e1s\u00fa alkalmaz\u00e1sok, mint p\u00e9ld\u00e1ul az eg\u00e9szs\u00e9g\u00fcgyi diagnosztika vagy a hitelk\u00e9pess\u00e9g, struktur\u00e1lt fel\u00fclvizsg\u00e1lati folyamatokat \u00e9s dokument\u00e1lt d\u00f6nt\u00e9si indokl\u00e1sokat ig\u00e9nyelnek.<\/p>\n\n\n\n<p>A felel\u0151ss\u00e9gi mechanizmusoknak olyan k\u00e9rd\u00e9seket kell kezelni\u00fck, mint p\u00e9ld\u00e1ul:<\/p>\n\n\n\n<ul class=\"wp-block-list\">\n<li>Ki hagyja j\u00f3v\u00e1 a modell telep\u00edt\u00e9s\u00e9t?<\/li>\n\n\n\n<li>Ki figyeli a teljes\u00edtm\u00e9ny eltol\u00f3d\u00e1s\u00e1t?<\/li>\n\n\n\n<li>Ki v\u00e1laszol a panaszokra vagy szab\u00e1lyoz\u00f3i megkeres\u00e9sekre?<\/li>\n\n\n\n<li>Ki \u00edrja al\u00e1 a kock\u00e1zat\u00e9rt\u00e9kel\u00e9seket?<\/li>\n<\/ul>\n\n\n\n<p>Vil\u00e1gos felel\u0151ss\u00e9gi l\u00e1ncok n\u00e9lk\u00fcl a korm\u00e1nyz\u00e1si keretek szimbolikusak lesznek, nem pedig funkcion\u00e1lisak.<\/p>\n\n\n<h3 class=\"wp-block-heading\" id=\"shadow-ai-and-the-governance-blind-spot\">\u00c1rny\u00e9k MI \u00e9s a korm\u00e1nyz\u00e1si vakfolt<\/h3>\n\n\n<p>Az egyik leggyorsabban n\u00f6vekv\u0151 korm\u00e1nyz\u00e1si kock\u00e1zat az \u201c\u00e1rny\u00e9k MI\u201d. Az alkalmazottak egyre ink\u00e1bb generat\u00edv MI eszk\u00f6z\u00f6ket, automatiz\u00e1ci\u00f3s platformokat vagy harmadik f\u00e9l API-kat haszn\u00e1lnak form\u00e1lis j\u00f3v\u00e1hagy\u00e1s n\u00e9lk\u00fcl. Ezek az eszk\u00f6z\u00f6k \u00e9rz\u00e9keny inform\u00e1ci\u00f3kat dolgozhatnak fel, elfogult kimeneteket gener\u00e1lhatnak, vagy megs\u00e9rthetik a licencfelt\u00e9teleket.<\/p>\n\n\n\n<p>Az \u00e1rny\u00e9k MI akkor jelenik meg, amikor a korm\u00e1nyz\u00e1si strukt\u00far\u00e1k t\u00fal lass\u00faak, korl\u00e1toz\u00f3ak vagy tiszt\u00e1zatlanok. A csapatok hat\u00e9konys\u00e1got \u00e9s k\u00eds\u00e9rletez\u00e9st keresnek, \u00e9s a nem hivatalos eszk\u00f6z\u00f6k kit\u00f6ltik a r\u00e9st.<\/p>\n\n\n\n<p>Azonban a nem kezelt MI haszn\u00e1lata komoly kock\u00e1zatokat teremt:<\/p>\n\n\n\n<ul class=\"wp-block-list\">\n<li>Adatsziv\u00e1rg\u00e1s a nem biztos\u00edtott utas\u00edt\u00e1sok r\u00e9v\u00e9n.<\/li>\n\n\n\n<li>Szellemi tulajdon kitetts\u00e9ge.<\/li>\n\n\n\n<li>Pontatlan vagy nem ellen\u0151rz\u00f6tt kimenetek, amelyek befoly\u00e1solj\u00e1k a d\u00f6nt\u00e9seket.<\/li>\n\n\n\n<li>Az adatv\u00e9delmi szab\u00e1lyoz\u00e1sokkal val\u00f3 nem megfelel\u00e9s.<\/li>\n<\/ul>\n\n\n\n<p>A hat\u00e9kony korm\u00e1nyz\u00e1s nem csak a tilt\u00e1sra t\u00e1maszkodik. L\u00e1that\u00f3s\u00e1got, oktat\u00e1st \u00e9s struktur\u00e1lt j\u00f3v\u00e1hagy\u00e1si \u00fatvonalakat ig\u00e9nyel, amelyek lehet\u0151v\u00e9 teszik az innov\u00e1ci\u00f3t, mik\u00f6zben fenntartj\u00e1k a fel\u00fcgyeletet.<\/p>\n\n\n<h3 class=\"wp-block-heading\" id=\"the-eu-ai-act-and-the-regulatory-landscape\">Az EU MI t\u00f6rv\u00e9ny \u00e9s a szab\u00e1lyoz\u00e1si k\u00f6rnyezet<\/h3>\n\n\n<p>Az EU MI t\u00f6rv\u00e9ny az egyik leg\u00e1tfog\u00f3bb szab\u00e1lyoz\u00e1si keretet k\u00e9pviseli az MI rendszerek sz\u00e1m\u00e1ra. Kock\u00e1zatalap\u00fa megk\u00f6zel\u00edt\u00e9st alkalmaz, amely a rendszereket minim\u00e1lis, korl\u00e1tozott, magas \u00e9s elfogadhatatlan kock\u00e1zati szintekre osztja.<\/p>\n\n\n\n<p>A magas kock\u00e1zat\u00fa rendszerek, mint p\u00e9ld\u00e1ul a biometrikus azonos\u00edt\u00e1s vagy az alkalmazottak \u00e9s kritikus infrastrukt\u00far\u00e1k eset\u00e9ben haszn\u00e1lt MI, szigor\u00fa k\u00f6vetelm\u00e9nyeknek vannak al\u00e1vetve, bele\u00e9rtve:<\/p>\n\n\n\n<ul class=\"wp-block-list\">\n<li>Kock\u00e1zatkezel\u00e9si rendszerek.<\/li>\n\n\n\n<li>Adatkezel\u00e9si szabv\u00e1nyok.<\/li>\n\n\n\n<li>Technikai dokument\u00e1ci\u00f3.<\/li>\n\n\n\n<li>\u00c1tl\u00e1that\u00f3s\u00e1gi k\u00f6telezetts\u00e9gek.<\/li>\n\n\n\n<li>Piac ut\u00e1ni monitoring.<\/li>\n<\/ul>\n\n\n\n<p>A v\u00e9grehajt\u00e1si mechanizmusok jelent\u0151s b\u00edrs\u00e1gokat tartalmaznak a nem megfelel\u00e9s eset\u00e9n.<\/p>\n\n\n\n<p>Ezzel szemben az Egyes\u00fclt \u00c1llamok jelenleg ink\u00e1bb szektor-specifikus szab\u00e1lyoz\u00e1si megk\u00f6zel\u00edt\u00e9sre t\u00e1maszkodik. Az MI fel\u00fcgyelet a fogyaszt\u00f3v\u00e9delmi t\u00f6rv\u00e9nyek, p\u00e9nz\u00fcgyi szab\u00e1lyoz\u00e1sok vagy polg\u00e1ri jogi v\u00e9grehajt\u00e1s r\u00e9v\u00e9n mer\u00fclhet fel, nem pedig egy egys\u00e9ges sz\u00f6vets\u00e9gi MI t\u00f6rv\u00e9ny r\u00e9v\u00e9n.<\/p>\n\n\n\n<p>Ez az elt\u00e9r\u00e9s bonyolults\u00e1got teremt a multinacion\u00e1lis szervezetek sz\u00e1m\u00e1ra. A korm\u00e1nyz\u00e1si kereteknek \u00f6ssze kell egyeztetni\u00fck a k\u00fcl\u00f6nb\u00f6z\u0151 szab\u00e1lyoz\u00e1si filoz\u00f3fi\u00e1kat, mik\u00f6zben fenntartj\u00e1k a bels\u0151 szabv\u00e1nyok k\u00f6vetkezetess\u00e9g\u00e9t.<\/p>\n\n\n<h3 class=\"wp-block-heading\" id=\"bridging-the-compliance-gap\">A megfelel\u00e9si r\u00e9s \u00e1thidal\u00e1sa<\/h3>\n\n\n<p>A megfelel\u00e9si r\u00e9s a k\u00fcl\u00f6nbs\u00e9get jelenti az \u00edrott politik\u00e1k \u00e9s az operat\u00edv val\u00f3s\u00e1g k\u00f6z\u00f6tt. Sok szervezet k\u00f6zz\u00e9teszi az MI etikai elveit, m\u00e9gis hi\u00e1nyoznak a v\u00e9grehajt\u00e1si elj\u00e1r\u00e1sok, audit mechanizmusok vagy dokument\u00e1ci\u00f3s folyamatok.<\/p>\n\n\n\n<p>A megfelel\u00e9si r\u00e9s bez\u00e1r\u00e1sa megk\u00f6veteli:<\/p>\n\n\n\n<ul class=\"wp-block-list\">\n<li>Rendszeres bels\u0151 auditok.<\/li>\n\n\n\n<li>Modell dokument\u00e1ci\u00f3 \u00e9s verzi\u00f3kezel\u00e9s.<\/li>\n\n\n\n<li>Elfogults\u00e1g \u00e9s m\u00e9lt\u00e1nyoss\u00e1gi tesztel\u00e9s.<\/li>\n\n\n\n<li>Esem\u00e9nykezel\u00e9si elj\u00e1r\u00e1sok.<\/li>\n\n\n\n<li>F\u00fcggetlen fel\u00fclvizsg\u00e1lati bizotts\u00e1gok.<\/li>\n<\/ul>\n\n\n\n<p>A korm\u00e1nyz\u00e1si \u00e9retts\u00e9get olyan dimenzi\u00f3k ment\u00e9n lehet \u00e9rt\u00e9kelni, mint a politikai integr\u00e1ci\u00f3, technikai ellen\u0151rz\u00e9sek, k\u00e9pz\u00e9si lefedetts\u00e9g \u00e9s vezet\u0151i fel\u00fcgyelet.<\/p>\n\n\n<h2 class=\"wp-block-heading\" id=\"from-principles-to-practice-operationalizing-responsible-ai\">Az elvekt\u0151l a gyakorlatig: a felel\u0151s MI m\u0171k\u00f6dtet\u00e9se<\/h2>\n\n\n<p>Sok szervezet nyilv\u00e1nosan t\u00e1mogatja az MI etik\u00e1t, k\u00f6zz\u00e9tesz \u00e1ll\u00e1sfoglal\u00e1sokat, \u00e9s elk\u00f6telezi mag\u00e1t a felel\u0151s tervez\u00e9s mellett. Azonban ezeknek az elk\u00f6telezetts\u00e9geknek a m\u00e9rhet\u0151 cselekv\u00e9ss\u00e9 val\u00f3 ford\u00edt\u00e1sa jelent\u0151s operat\u00edv akad\u00e1lyokat vezet be. A korm\u00e1nyz\u00e1s akkor v\u00e1lik val\u00f3s\u00e1gg\u00e1, amikor az \u00e9rt\u00e9kek nem csak deklar\u00e1ltak, hanem be\u00e9p\u00fclnek a beszerz\u00e9si folyamatokba, a rendszerarchitekt\u00far\u00e1ba, a jelent\u00e9si strukt\u00far\u00e1kba \u00e9s a vezet\u0151i felel\u0151ss\u00e9gbe.<\/p>\n\n\n<h3 class=\"wp-block-heading\" id=\"ai-inventory-as-the-foundation-of-control\">Az MI lelt\u00e1r mint az ellen\u0151rz\u00e9s alapja<\/h3>\n\n\n<p>Az MI programok gyakori gyenges\u00e9ge a teljes k\u00f6r\u0171 MI lelt\u00e1r hi\u00e1nya. Struktur\u00e1lt MI lelt\u00e1r n\u00e9lk\u00fcl a szervezetek gyakran nem l\u00e1tj\u00e1k, mely modellek vannak telep\u00edtve, hol m\u0171k\u00f6dnek, \u00e9s milyen adatokat dolgoznak fel. Ez vakfoltokat teremt, amelyek al\u00e1\u00e1ss\u00e1k a kock\u00e1zat\u00e9rt\u00e9kel\u00e9st \u00e9s az auditk\u00e9szs\u00e9get.<\/p>\n\n\n\n<p>A megfelel\u0151en karbantartott MI lelt\u00e1rnak tartalmaznia kell:<\/p>\n\n\n\n<ul class=\"wp-block-list\">\n<li>A rendszer c\u00e9lj\u00e1t \u00e9s kock\u00e1zati besorol\u00e1s\u00e1t<\/li>\n\n\n\n<li>Adatforr\u00e1sokat \u00e9s joghat\u00f3s\u00e1gi kitetts\u00e9get<\/li>\n\n\n\n<li>Az <strong>emberi fel\u00fcgyelet<\/strong> mechanizmusainak dokument\u00e1ci\u00f3j\u00e1t<\/li>\n\n\n\n<li>Modell verzi\u00f3t\u00f6rt\u00e9netet \u00e9s \u00fajratanul\u00e1si ciklusokat<\/li>\n\n\n\n<li>Harmadik f\u00e9l sz\u00e1ll\u00edt\u00f3i r\u00e9szv\u00e9telt<\/li>\n<\/ul>\n\n\n\n<p>Az MI lelt\u00e1r l\u00e9trehoz\u00e1sa nemcsak a megfelel\u00e9st t\u00e1mogatja. Er\u0151s\u00edti az MI \u00e1tl\u00e1that\u00f3s\u00e1g\u00e1t az\u00e1ltal, hogy lehet\u0151v\u00e9 teszi a nyomon k\u00f6vethet\u0151s\u00e9get az MI \u00e9letciklus\u00e1n kereszt\u00fcl. Amikor a szab\u00e1lyoz\u00f3k vagy az \u00e9rdekelt felek dokument\u00e1ci\u00f3t k\u00e9rnek, az akt\u00edv MI lelt\u00e1rral rendelkez\u0151 szervezetek vil\u00e1gosan tudnak v\u00e1laszolni, nem pedig improviz\u00e1lva.<\/p>\n\n\n<h3 class=\"wp-block-heading\" id=\"embedding-ai-ethics-into-governance-workflows\">Az MI etika be\u00e1gyaz\u00e1sa a korm\u00e1nyz\u00e1si munkafolyamatokba<\/h3>\n\n\n<p>Az igazi MI etika integr\u00e1l\u00e1st ig\u00e9nyel a d\u00f6nt\u00e9shozatali folyamatokba, nem pedig k\u00fcl\u00f6n\u00e1ll\u00f3 tan\u00e1csad\u00f3 bizotts\u00e1gokat. P\u00e9ld\u00e1ul:<\/p>\n\n\n\n<ul class=\"wp-block-list\">\n<li>A beszerz\u00e9si csapatoknak \u00e9rt\u00e9kelni\u00fck kell a sz\u00e1ll\u00edt\u00f3kat a meghat\u00e1rozott szab\u00e1lyoz\u00e1si szabv\u00e1nyok alapj\u00e1n.<\/li>\n\n\n\n<li>Az m\u00e9rn\u00f6ki csapatoknak dokument\u00e1lniuk kell az elfogults\u00e1gi tesztel\u00e9si m\u00f3dszertanokat.<\/li>\n\n\n\n<li>A kock\u00e1zatkezel\u0151knek \u00e9rt\u00e9kelni\u00fck kell az MI etikai politik\u00e1kkal val\u00f3 \u00f6sszhangot a telep\u00edt\u00e9s el\u0151tt.<\/li>\n<\/ul>\n\n\n\n<p>Az MI etika be\u00e1gyaz\u00e1sa az operat\u00edv ellen\u0151rz\u0151 pontokba biztos\u00edtja, hogy az etikai fel\u00fclvizsg\u00e1lat ne legyen opcion\u00e1lis. K\u00f6telez\u0151 l\u00e9p\u00e9ss\u00e9 v\u00e1lik a term\u00e9k \u00e9letciklus\u00e1ban.<\/p>\n\n\n\n<p>Ez a megk\u00f6zel\u00edt\u00e9s az MI \u00e1tl\u00e1that\u00f3s\u00e1g\u00e1t is er\u0151s\u00edti, mivel a dokument\u00e1lt \u00e9rt\u00e9kel\u00e9sek audit\u00e1lhat\u00f3 nyomvonalat hoznak l\u00e9tre. Az \u00e1tl\u00e1that\u00f3s\u00e1g ebben az \u00e9rtelemben nem csak a modell le\u00edr\u00e1sainak k\u00f6zz\u00e9t\u00e9tel\u00e9r\u0151l sz\u00f3l. Mag\u00e1ban foglalja annak bemutat\u00e1s\u00e1t, hogyan tesztelt\u00e9k, vizsg\u00e1lt\u00e1k \u00e9s hagyt\u00e1k j\u00f3v\u00e1 a d\u00f6nt\u00e9seket.<\/p>\n\n\n<h3 class=\"wp-block-heading\" id=\"regulatory-standards-and-divergent-governance-models\">Szab\u00e1lyoz\u00e1si szabv\u00e1nyok \u00e9s elt\u00e9r\u0151 korm\u00e1nyz\u00e1si modellek<\/h3>\n\n\n<p>A glob\u00e1lis MI korm\u00e1nyz\u00e1s egyenetlen\u00fcl fejl\u0151dik. M\u00edg az Eur\u00f3pai Uni\u00f3 a jogok v\u00e9delm\u00e9t hangs\u00falyozza struktur\u00e1lt szab\u00e1lyoz\u00e1si szabv\u00e1nyokon kereszt\u00fcl, az Egyes\u00fclt Kir\u00e1lys\u00e1g megk\u00f6zel\u00edt\u00e9se ink\u00e1bb szektorvez\u00e9relt, elv-alap\u00fa modell. Az Egyes\u00fclt Kir\u00e1lys\u00e1g megk\u00f6zel\u00edt\u00e9se nagym\u00e9rt\u00e9kben t\u00e1maszkodik a megl\u00e9v\u0151 szab\u00e1lyoz\u00f3kra, hogy \u00e9rtelmezz\u00e9k az MI kock\u00e1zatokat saj\u00e1t ter\u00fcleteiken bel\u00fcl, \u00f6szt\u00f6n\u00f6zve az MI innov\u00e1ci\u00f3t, mik\u00f6zben fenntartj\u00e1k a felel\u0151ss\u00e9get a megl\u00e9v\u0151 fel\u00fcgyeleti szervek r\u00e9v\u00e9n.<\/p>\n\n\n\n<p>Az Egyes\u00fclt Kir\u00e1lys\u00e1g megk\u00f6zel\u00edt\u00e9se bemutatja, hogyan \u00f6szt\u00f6n\u00f6zhetik a korm\u00e1nyok az MI innov\u00e1ci\u00f3t an\u00e9lk\u00fcl, hogy egyetlen horizont\u00e1lis keretet k\u00e9nyszer\u00edten\u00e9nek. A k\u00f6zpontos\u00edtott szab\u00e1lyoz\u00e1s helyett a strat\u00e9gia felhatalmazza a p\u00e9nz\u00fcgyi szab\u00e1lyoz\u00f3kat, eg\u00e9szs\u00e9g\u00fcgyi hat\u00f3s\u00e1gokat \u00e9s versenyhat\u00f3s\u00e1gokat, hogy alkalmazz\u00e1k a szektor-specifikus szab\u00e1lyoz\u00e1si szabv\u00e1nyokat.<\/p>\n\n\n\n<p>Azonban ez a modellek sokf\u00e9les\u00e9ge bonyolults\u00e1got vezet be. A multinacion\u00e1lis v\u00e1llalatoknak t\u00f6bb szab\u00e1lyoz\u00e1si szabv\u00e1nyt kell navig\u00e1lniuk, \u00f6ssze kell egyeztetni\u00fck azokat a bels\u0151 korm\u00e1nyz\u00e1si keretekkel, \u00e9s biztos\u00edtaniuk kell a dokument\u00e1ci\u00f3s \u00e9s monitoring gyakorlatok k\u00f6vetkezetess\u00e9g\u00e9t.<\/p>\n\n\n<h3 class=\"wp-block-heading\" id=\"data-sovereignty-and-crossborder-complexity\">Adatszuverenit\u00e1s \u00e9s hat\u00e1rokon \u00e1tny\u00fal\u00f3 \u00f6sszetetts\u00e9g<\/h3>\n\n\n<p>Ahogy az MI rendszerek glob\u00e1lisan sk\u00e1l\u00e1z\u00f3dnak, az adatszuverenit\u00e1s meghat\u00e1roz\u00f3 korm\u00e1nyz\u00e1si korl\u00e1tt\u00e1 v\u00e1lik. Az adatszuverenit\u00e1s meghat\u00e1rozza, mely t\u00f6rv\u00e9nyek vonatkoznak az adathalmazokra, hogyan kezelik a hat\u00e1rokon \u00e1tny\u00fal\u00f3 \u00e1tviteleket, \u00e9s hogy az \u00fajratanul\u00e1si folyamatoknak f\u00f6ldrajzilag korl\u00e1tozottnak kell-e maradniuk.<\/p>\n\n\n\n<p>Az elosztott MI \u00f6kosziszt\u00e9m\u00e1kban glob\u00e1lis koordin\u00e1ci\u00f3 sz\u00fcks\u00e9ges a megfelel\u00e9s harmoniz\u00e1l\u00e1s\u00e1hoz a joghat\u00f3s\u00e1gok k\u00f6z\u00f6tt. P\u00e9ld\u00e1ul:<\/p>\n\n\n\n<ul class=\"wp-block-list\">\n<li>Az egyik r\u00e9gi\u00f3ban gy\u0171jt\u00f6tt oktat\u00e1si adathalmazok nem biztos, hogy jogilag \u00e1tvihet\u0151k egy m\u00e1sikba.<\/li>\n\n\n\n<li>A modell kimenetek helyi audit k\u00f6telezetts\u00e9gek al\u00e1 eshetnek.<\/li>\n\n\n\n<li>A napl\u00f3z\u00e1si \u00e9s magyar\u00e1zhat\u00f3s\u00e1gi eszk\u00f6z\u00f6knek alkalmazkodniuk kell a v\u00e1ltoz\u00f3 \u00e1tl\u00e1that\u00f3s\u00e1gi mand\u00e1tumokhoz.<\/li>\n<\/ul>\n\n\n\n<p>Hat\u00e9kony glob\u00e1lis koordin\u00e1ci\u00f3 n\u00e9lk\u00fcl a szervezetek kock\u00e1ztatj\u00e1k, hogy MI architekt\u00far\u00e1jukat inkompatibilis megfelel\u00e9si szil\u00e1nkokk\u00e1 t\u00f6redezik.<\/p>\n\n\n<h3 class=\"wp-block-heading\" id=\"ai-transparency-beyond-disclosure\">MI \u00e1tl\u00e1that\u00f3s\u00e1g a k\u00f6zz\u00e9t\u00e9telen t\u00fal<\/h3>\n\n\n<p>Sok szervezet az \u00e1tl\u00e1that\u00f3s\u00e1got a nyilv\u00e1nos jelent\u00e9sekkel azonos\u00edtja. Azonban a robusztus MI \u00e1tl\u00e1that\u00f3s\u00e1g bels\u0151leg \u00e9pp\u00fagy m\u0171k\u00f6dik, mint k\u00fcls\u0151leg. Mag\u00e1ban foglalja:<\/p>\n\n\n\n<ul class=\"wp-block-list\">\n<li>A kock\u00e1zati besorol\u00e1s vil\u00e1gos dokument\u00e1ci\u00f3j\u00e1t.<\/li>\n\n\n\n<li>A modell viselked\u00e9s\u00e9nek hozz\u00e1f\u00e9rhet\u0151 magyar\u00e1zatait.<\/li>\n\n\n\n<li>Meghat\u00e1rozott csatorn\u00e1kat a felhaszn\u00e1l\u00f3i panaszok vagy helyesb\u00edt\u00e9si k\u00e9relmek sz\u00e1m\u00e1ra.<\/li>\n\n\n\n<li>\u00c1tl\u00e1that\u00f3 kommunik\u00e1ci\u00f3t a rendszer korl\u00e1tair\u00f3l.<\/li>\n<\/ul>\n\n\n\n<p>Az MI \u00e1tl\u00e1that\u00f3s\u00e1g szint\u00e9n a struktur\u00e1lt emberi fel\u00fcgyelett\u0151l f\u00fcgg, biztos\u00edtva, hogy az automatiz\u00e1lt d\u00f6nt\u00e9sek fel\u00fclvizsg\u00e1lhat\u00f3k \u00e9s vitathat\u00f3k maradjanak. Magas kock\u00e1zat\u00fa kontextusokban az emberi fel\u00fcgyelet elj\u00e1r\u00e1si biztos\u00edt\u00e9kot ny\u00fajt, amely er\u0151s\u00edti mind a legitimit\u00e1st, mind a jogi v\u00e9dhet\u0151s\u00e9get.<\/p>\n\n\n<h3 class=\"wp-block-heading\" id=\"culture-as-a-governance-enabler\">A kult\u00fara mint korm\u00e1nyz\u00e1si lehet\u0151s\u00e9g<\/h3>\n\n\n<p>A korm\u00e1nyz\u00e1si keretek gyakran nem a technikai gyenges\u00e9g miatt buknak meg, hanem a szervezeti kult\u00fara miatt. Ha a bels\u0151 kult\u00fara a gyors telep\u00edt\u00e9st jutalmazza a gondos \u00e9rt\u00e9kel\u00e9s felett, a fel\u00fcgyeleti mechanizmusok szimbolikuss\u00e1 v\u00e1lnak.<\/p>\n\n\n\n<p>A kult\u00fara megv\u00e1ltoztat\u00e1sa megk\u00f6veteli az \u00f6szt\u00f6nz\u0151k \u00f6sszehangol\u00e1s\u00e1t a felel\u0151s eredm\u00e9nyekkel. A teljes\u00edtm\u00e9nymutat\u00f3knak nemcsak az MI innov\u00e1ci\u00f3 sebess\u00e9g\u00e9t kell t\u00fckr\u00f6zni\u00fck, hanem a korm\u00e1nyz\u00e1si szabv\u00e1nyok betart\u00e1s\u00e1t is. A vezet\u00e9snek meg kell er\u0151s\u00edtenie, hogy a felel\u0151s MI telep\u00edt\u00e9s t\u00e1mogatja a fenntarthat\u00f3 MI innov\u00e1ci\u00f3t, nem pedig korl\u00e1tozza azt.<\/p>\n\n\n\n<p>A korm\u00e1nyz\u00e1sorient\u00e1lt kult\u00fara szint\u00e9n t\u00e1mogatja a proakt\u00edv glob\u00e1lis koordin\u00e1ci\u00f3t, \u00f6szt\u00f6n\u00f6zve a csapatokat, hogy megossz\u00e1k a megfelel\u00e9si betekint\u00e9seket a r\u00e9gi\u00f3k k\u00f6z\u00f6tt, ahelyett, hogy a szab\u00e1lyoz\u00e1si \u00e9rtelmez\u00e9st szil\u00e1nkokba z\u00e1rn\u00e1k.<\/p>\n\n\n<h3 class=\"wp-block-heading\" id=\"balancing-innovation-with-governance-discipline\">Az innov\u00e1ci\u00f3 \u00e9s a korm\u00e1nyz\u00e1si fegyelem egyens\u00falya<\/h3>\n\n\n<p>Az MI innov\u00e1ci\u00f3 \u00e9s a megfelel\u00e9s k\u00f6z\u00f6tti fesz\u00fclts\u00e9get gyakran t\u00fal\u00e9rt\u00e9kelik. Az er\u0151s korm\u00e1nyz\u00e1s nem lass\u00edtja sz\u00fcks\u00e9gszer\u0171en a halad\u00e1st. Ehelyett cs\u00f6kkenti a bizonytalans\u00e1got, \u00e9p\u00edti az \u00e9rdekelt felek bizalm\u00e1t, \u00e9s m\u00e9rs\u00e9kli a h\u00edrn\u00e9v kock\u00e1zat\u00e1t.<\/p>\n\n\n\n<p>Amikor a szervezetek be\u00e1gyazz\u00e1k az MI \u00e1tl\u00e1that\u00f3s\u00e1got, \u00e9rv\u00e9nyes\u00edtik az emberi fel\u00fcgyeletet, fenntartj\u00e1k a friss\u00edtett MI lelt\u00e1rt, \u00e9s tiszteletben tartj\u00e1k az adatszuverenit\u00e1si korl\u00e1tokat, stabil alapokat teremtenek az MI innov\u00e1ci\u00f3 felel\u0151ss\u00e9gteljes sk\u00e1l\u00e1z\u00e1s\u00e1hoz.<\/p>\n\n\n\n<p>A f\u0151 korm\u00e1nyz\u00e1si k\u00e9rd\u00e9s nem az, hogy bels\u0151leg szab\u00e1lyozzuk-e az MI tev\u00e9kenys\u00e9get, hanem az, hogyan tegy\u00fck ezt \u00fagy, hogy el\u0151re jelezz\u00fck a szab\u00e1lyoz\u00e1si v\u00e1ltoz\u00e1sokat, alkalmazkodjunk az Egyes\u00fclt Kir\u00e1lys\u00e1g megk\u00f6zel\u00edt\u00e9s\u00e9hez az EU k\u00f6vetelm\u00e9nyei mellett, \u00e9s lehet\u0151v\u00e9 tegy\u00fck a glob\u00e1lis koordin\u00e1ci\u00f3t a joghat\u00f3s\u00e1gok k\u00f6z\u00f6tt.<\/p>\n\n\n\n<p>Az MI \u00e1talakul\u00e1s akkor sikeres, amikor a korm\u00e1nyz\u00e1si \u00e9retts\u00e9g a technikai k\u00e9pess\u00e9ggel egy\u00fctt fejl\u0151dik. Ebben az \u00e9rtelemben a korm\u00e1nyz\u00e1s nem akad\u00e1lya az innov\u00e1ci\u00f3nak. Ez az a strukt\u00fara, amely lehet\u0151v\u00e9 teszi az innov\u00e1ci\u00f3 fennmarad\u00e1s\u00e1t.<\/p>\n\n\n<h3 class=\"wp-block-heading\" id=\"global-coordination-and-standards\">Glob\u00e1lis koordin\u00e1ci\u00f3 \u00e9s szabv\u00e1nyok<\/h3>\n\n\n<p>Az MI rendszerek hat\u00e1rokon \u00e1tny\u00fal\u00f3an m\u0171k\u00f6dnek. Azonban a szab\u00e1lyoz\u00e1si sz\u00e9ttagolts\u00e1g n\u00f6veli az operat\u00edv kock\u00e1zatot. A nemzetk\u00f6zi koordin\u00e1ci\u00f3s er\u0151fesz\u00edt\u00e9sek, bele\u00e9rtve az olyan ISO szabv\u00e1nyokat, mint az ISO\/IEC 42001 az MI menedzsment rendszerekhez, c\u00e9lja, hogy k\u00f6z\u00f6s korm\u00e1nyz\u00e1si alapokat teremtsenek.<\/p>\n\n\n\n<p>A szabv\u00e1nyos\u00edtott korm\u00e1nyz\u00e1si keretek elfogad\u00e1sa t\u00e1mogathatja:<\/p>\n\n\n\n<ul class=\"wp-block-list\">\n<li>A hat\u00e1rokon \u00e1tny\u00fal\u00f3 interoperabilit\u00e1st.<\/li>\n\n\n\n<li>Tan\u00fas\u00edt\u00e1si \u00fatvonalakat.<\/li>\n\n\n\n<li>Szab\u00e1lyoz\u00e1si harmoniz\u00e1ci\u00f3t.<\/li>\n\n\n\n<li>N\u00f6velt bizalmat az \u00e9rdekelt felekkel.<\/li>\n<\/ul>\n\n\n\n<p>A glob\u00e1lis \u00f6sszehangol\u00e1s nem sz\u00fcnteti meg a helyi k\u00f6telezetts\u00e9geket, de cs\u00f6kkenti a bizonytalans\u00e1got \u00e9s a duplik\u00e1ci\u00f3t. <\/p>\n\n\n\n<p>A szab\u00e1lyozott szektorokban m\u0171k\u00f6d\u0151 szervezetek gyakran t\u00e1maszkodnak struktur\u00e1lt megfelel\u00e9si \u00f6kosziszt\u00e9m\u00e1kra, hasonl\u00f3an az ipar\u00e1g-specifikus korm\u00e1nyz\u00e1si k\u00f6rnyezetekhez dokument\u00e1ltakhoz. <a href=\"https:\/\/www.gamblingpedia.co.uk\/\">ipar\u00e1g-specifikus korm\u00e1nyz\u00e1si k\u00f6rnyezetek<\/a>.<\/p>\n\n\n<h3 class=\"wp-block-heading\" id=\"legacy-systems-and-infrastructure-constraints\">R\u00e9gi rendszerek \u00e9s infrastruktur\u00e1lis korl\u00e1tok<\/h3>\n\n\n<p>Sok szervezet az MI \u00e1talakul\u00e1st folytatja, mik\u00f6zben elavult IT architekt\u00far\u00e1kon m\u0171k\u00f6dik. A r\u00e9gi rendszerek gyakran nem rendelkeznek:<\/p>\n\n\n\n<ul class=\"wp-block-list\">\n<li>Adatvonal k\u00f6vet\u00e9ssel.<\/li>\n\n\n\n<li>Biztons\u00e1gos integr\u00e1ci\u00f3s pontokkal.<\/li>\n\n\n\n<li>Val\u00f3s idej\u0171 monitoroz\u00e1si k\u00e9pess\u00e9gekkel.<\/li>\n\n\n\n<li>Automatiz\u00e1lt megfelel\u00e9si jelent\u00e9sekkel.<\/li>\n<\/ul>\n\n\n\n<p>A modern MI korm\u00e1nyz\u00e1s technikai infrastrukt\u00far\u00e1t ig\u00e9nyel, amely k\u00e9pes d\u00f6nt\u00e9seket napl\u00f3zni, modell verzi\u00f3kat k\u00f6vetni \u00e9s magyar\u00e1zhat\u00f3s\u00e1gi eszk\u00f6z\u00f6ket t\u00e1mogatni. Az infrastrukt\u00fara friss\u00edt\u00e9se nem csup\u00e1n teljes\u00edtm\u00e9nyjav\u00edt\u00e1s. Ez korm\u00e1nyz\u00e1si sz\u00fcks\u00e9gszer\u0171s\u00e9g.<\/p>\n\n\n<h3 class=\"wp-block-heading\" id=\"the-talent-gap-and-organizational-capability\">A tehets\u00e9ghi\u00e1ny \u00e9s szervezeti k\u00e9pess\u00e9g<\/h3>\n\n\n<p>A korm\u00e1nyz\u00e1s nem m\u0171k\u00f6dhet k\u00e9pzett szakemberek n\u00e9lk\u00fcl. Az MI korm\u00e1nyz\u00e1s interdiszciplin\u00e1ris szak\u00e9rtelmet ig\u00e9nyel, amely \u00e1tfogja:<\/p>\n\n\n\n<ul class=\"wp-block-list\">\n<li>Adattudom\u00e1ny.<\/li>\n\n\n\n<li><a href=\"https:\/\/securitybriefing.net\/cybersecurity\/predictive-cybersecurity-why-2026-will-redefine-digital-defense\/\">Kiberbiztons\u00e1g.<\/a><\/li>\n\n\n\n<li>Jogi megfelel\u00e9s.<\/li>\n\n\n\n<li>Kock\u00e1zatkezel\u00e9s.<\/li>\n\n\n\n<li>Etika \u00e9s k\u00f6zpolitika.<\/li>\n<\/ul>\n\n\n\n<p>A hibrid technikai \u00e9s szab\u00e1lyoz\u00e1si ismeretekkel rendelkez\u0151 szakemberek hi\u00e1nya sz\u0171k keresztmetszeteket teremt. A szervezeteknek befektetni\u00fck kell k\u00e9pz\u00e9si programokba \u00e9s keresztfunkcion\u00e1lis csapatokba, ahelyett, hogy az MI fel\u00fcgyeletet egyetlen oszt\u00e1lyra korl\u00e1tozn\u00e1k.<\/p>\n\n\n<h3 class=\"wp-block-heading\" id=\"culture-shift-and-executive-responsibility\">Kult\u00farav\u00e1lt\u00e1s \u00e9s vezet\u0151i felel\u0151ss\u00e9g<\/h3>\n\n\n<p>V\u00e9gs\u0151 soron a korm\u00e1nyz\u00e1s kultur\u00e1lis. A politik\u00e1k hat\u00e1stalanok, ha a vezet\u0151i \u00f6szt\u00f6nz\u0151k a sebess\u00e9get jutalmazz\u00e1k a felel\u0151ss\u00e9g helyett. Az igazgat\u00f3tan\u00e1csoknak strat\u00e9giai priorit\u00e1sk\u00e9nt kell kezelni\u00fck az MI korm\u00e1nyz\u00e1st, nem pedig megfelel\u00e9si ut\u00f3lagos gondolatk\u00e9nt.<\/p>\n\n\n\n<p>A korm\u00e1nyz\u00e1sorient\u00e1lt kult\u00fara hangs\u00falyozza:<\/p>\n\n\n\n<ul class=\"wp-block-list\">\n<li>\u00c1tl\u00e1that\u00f3 kommunik\u00e1ci\u00f3.<\/li>\n\n\n\n<li>Folyamatos monitoroz\u00e1s.<\/li>\n\n\n\n<li>Hajland\u00f3s\u00e1g a telep\u00edt\u00e9sek sz\u00fcneteltet\u00e9s\u00e9re, amikor kock\u00e1zatok mer\u00fclnek fel.<\/li>\n\n\n\n<li>Vil\u00e1gos eszkal\u00e1ci\u00f3s \u00fatvonalak.<\/li>\n<\/ul>\n\n\n\n<p>Vezet\u0151i tulajdonl\u00e1s n\u00e9lk\u00fcl a korm\u00e1nyz\u00e1si kereteknek nincs tekint\u00e9ly\u00fck.<\/p>\n\n\n<h2 class=\"wp-block-heading\" id=\"comparison-table\">\u00d6sszehasonl\u00edt\u00f3 t\u00e1bl\u00e1zat<\/h2>\n\n<h3 class=\"wp-block-heading\" id=\"ai-governance-vs-it-management\">MI korm\u00e1nyz\u00e1s vs IT menedzsment<\/h3>\n\n\n<figure class=\"wp-block-table\"><table class=\"has-fixed-layout\"><thead><tr><th>Szempont<\/th><th>MI korm\u00e1nyz\u00e1s<\/th><th>IT menedzsment<\/th><\/tr><\/thead><tbody><tr><td>F\u00f3kusz<\/td><td>Etikai \u00e9s szab\u00e1lyoz\u00e1si \u00f6sszhang<\/td><td>Technikai teljes\u00edtm\u00e9ny<\/td><\/tr><tr><td>Fel\u00fcgyelet<\/td><td>Emberi felel\u0151ss\u00e9g<\/td><td>Rendszer megb\u00edzhat\u00f3s\u00e1g<\/td><\/tr><tr><td>Kock\u00e1zati terjedelem<\/td><td>Elfogults\u00e1g, jogok, \u00e1tl\u00e1that\u00f3s\u00e1g<\/td><td>Le\u00e1ll\u00e1s, biztons\u00e1gi megs\u00e9rt\u00e9sek<\/td><\/tr><tr><td>Megfelel\u00e9s<\/td><td>Szab\u00e1lyoz\u00e1si \u00e9s etikai szabv\u00e1nyok<\/td><td>Technikai szabv\u00e1nyok<\/td><\/tr><\/tbody><\/table><\/figure>\n\n\n<h3 class=\"wp-block-heading\" id=\"eu-vs-us-regulatory-approach\">EU vs USA szab\u00e1lyoz\u00e1si megk\u00f6zel\u00edt\u00e9s<\/h3>\n\n\n<figure class=\"wp-block-table\"><table class=\"has-fixed-layout\"><thead><tr><th>Szempont<\/th><th>EU MI szab\u00e1lyoz\u00e1sok<\/th><th>USA MI szab\u00e1lyoz\u00e1sok<\/th><\/tr><\/thead><tbody><tr><td>Megk\u00f6zel\u00edt\u00e9s<\/td><td>Kock\u00e1zatalap\u00fa kategoriz\u00e1l\u00e1s<\/td><td>Szektor-specifikus fel\u00fcgyelet<\/td><\/tr><tr><td>F\u00f3kusz<\/td><td>Alapvet\u0151 jogok \u00e9s biztons\u00e1g<\/td><td>Innov\u00e1ci\u00f3 \u00e9s versenyk\u00e9pess\u00e9g<\/td><\/tr><tr><td>V\u00e9grehajt\u00e1s<\/td><td>K\u00f6zpontos\u00edtott b\u00fcntet\u00e9sek<\/td><td>Szektoronk\u00e9nt sz\u00e9ttagolt<\/td><\/tr><\/tbody><\/table><\/figure>\n\n\n<h2 class=\"wp-block-heading\" id=\"practical-governance-roadmap\">Gyakorlati korm\u00e1nyz\u00e1si \u00fatiterv<\/h2>\n\n\n<p>Azok a szervezetek, amelyek az MI \u00e1talakul\u00e1st korm\u00e1nyz\u00e1si kih\u00edv\u00e1sk\u00e9nt k\u00edv\u00e1nj\u00e1k kezelni, k\u00f6vethetnek egy struktur\u00e1lt \u00fatitervet:<\/p>\n\n\n\n<ol class=\"wp-block-list\">\n<li>Hozzanak l\u00e9tre egy MI korm\u00e1nyz\u00e1si bizotts\u00e1got.<\/li>\n\n\n\n<li>T\u00e9rk\u00e9pezz\u00e9k fel az MI haszn\u00e1lati eseteket \u00e9s kategoriz\u00e1lj\u00e1k a kock\u00e1zati szinteket.<\/li>\n\n\n\n<li>Hat\u00e1rozz\u00e1k meg a felel\u0151ss\u00e9gi szerepeket.<\/li>\n\n\n\n<li>Vezessenek be adatkezel\u00e9si ellen\u0151rz\u00e9seket.<\/li>\n\n\n\n<li>V\u00e9gezzenek elfogults\u00e1gi \u00e9s hat\u00e1svizsg\u00e1latokat.<\/li>\n\n\n\n<li>Hozzanak l\u00e9tre dokument\u00e1ci\u00f3s \u00e9s audit folyamatokat.<\/li>\n\n\n\n<li>K\u00e9pezz\u00e9k az alkalmazottakat a felel\u0151s MI gyakorlatokra.<\/li>\n\n\n\n<li>Figyelj\u00e9k a teljes\u00edtm\u00e9nyt \u00e9s a szab\u00e1lyoz\u00e1si v\u00e1ltoz\u00e1sokat.<\/li>\n<\/ol>\n\n\n\n<p>A korm\u00e1nyz\u00e1snak iterat\u00edvnak kell lennie. Ahogy az MI k\u00e9pess\u00e9gek fejl\u0151dnek, \u00fagy kell a fel\u00fcgyeleti strukt\u00far\u00e1knak is.<\/p>\n\n\n<h2 class=\"wp-block-heading\" id=\"frequently-asked-questions\">Gyakran Ism\u00e9telt K\u00e9rd\u00e9sek<\/h2>\n\n<h3 class=\"wp-block-heading\" id=\"what-is-ai-governance\"><strong>Mi az MI korm\u00e1nyz\u00e1s?<\/strong><\/h3>\n\n\n<p>Az MI korm\u00e1nyz\u00e1s egy struktur\u00e1lt rendszer politik\u00e1kb\u00f3l, szerepekb\u0151l, technikai ellen\u0151rz\u00e9sekb\u0151l \u00e9s fel\u00fcgyeleti folyamatokb\u00f3l, amelyek biztos\u00edtj\u00e1k, hogy az MI rendszerek felel\u0151ss\u00e9gteljesen \u00e9s jogszer\u0171en m\u0171k\u00f6djenek.<\/p>\n\n\n<h3 class=\"wp-block-heading\" id=\"why-is-ai-transformation-primarily-a-governance-issue\"><strong>Mi\u00e9rt els\u0151sorban korm\u00e1nyz\u00e1si k\u00e9rd\u00e9s az MI \u00e1talakul\u00e1s?<\/strong><\/h3>\n\n\n<p>Mert az MI olyan d\u00f6nt\u00e9seket befoly\u00e1sol, amelyek hat\u00e1ssal vannak az egy\u00e9nekre \u00e9s a piacokra, \u00edgy felel\u0151ss\u00e9gre, \u00e1tl\u00e1that\u00f3s\u00e1gra \u00e9s megfelel\u00e9sre van sz\u00fcks\u00e9g a technikai teljes\u00edtm\u00e9nyen t\u00fal.<\/p>\n\n\n<h3 class=\"wp-block-heading\" id=\"how-does-the-eu-ai-act-impact-organizations\"><strong>Hogyan hat az EU MI t\u00f6rv\u00e9ny a szervezetekre?<\/strong><\/h3>\n\n\n<p>Kock\u00e1zatalap\u00fa k\u00f6vetelm\u00e9nyeket, dokument\u00e1ci\u00f3s szabv\u00e1nyokat \u00e9s potenci\u00e1lis b\u00fcntet\u00e9seket r\u00f3 a nem megfelel\u00e9s eset\u00e9n.<\/p>\n\n\n<h3 class=\"wp-block-heading\" id=\"what-is-shadow-ai\"><strong>Mi az \u00e1rny\u00e9k MI?<\/strong><\/h3>\n\n\n<p>Mesters\u00e9ges intelligencia eszk\u00f6z\u00f6k vagy rendszerek, amelyeket form\u00e1lis j\u00f3v\u00e1hagy\u00e1s vagy fel\u00fcgyelet n\u00e9lk\u00fcl haszn\u00e1lnak egy szervezeten bel\u00fcl.<\/p>\n\n\n<h3 class=\"wp-block-heading\" id=\"how-can-organizations-close-the-compliance-gap\"><strong>Hogyan z\u00e1rhatj\u00e1k le a szervezetek a megfelel\u0151s\u00e9gi r\u00e9st?<\/strong><\/h3>\n\n\n<p>Ellen\u0151rz\u00e9seken, struktur\u00e1lt dokument\u00e1ci\u00f3n, vil\u00e1gos felel\u0151ss\u00e9gi szerepeken \u00e9s folyamatos monitoroz\u00e1son kereszt\u00fcl.<\/p>\n\n\n<h2 class=\"wp-block-heading\" id=\"final-thoughts\">V\u00e9gs\u0151 gondolatok<\/h2>\n\n\n<p>Az AI \u00e1talakul\u00e1st gyakran az innov\u00e1ci\u00f3 versenyek\u00e9nt keretezik. M\u00e9gis, a t\u00f6rt\u00e9nelem azt mutatja, hogy a korm\u00e1nyz\u00e1s n\u00e9lk\u00fcli technol\u00f3giai gyorsul\u00e1s instabilit\u00e1shoz vezet. A meghat\u00e1roz\u00f3 k\u00e9rd\u00e9s nem az, hogy milyen gyorsan lehet az AI-t bevezetni, hanem az, hogy mennyire felel\u0151ss\u00e9gteljesen lehet azt kezelni.<\/p>\n\n\n\n<p>Az AI rendszerek alak\u00edtj\u00e1k a p\u00e9nz\u00fcgyi d\u00f6nt\u00e9seket, a foglalkoztat\u00e1si lehet\u0151s\u00e9geket, az orvosi eredm\u00e9nyeket \u00e9s a k\u00f6zszolg\u00e1ltat\u00e1sokat. Hat\u00e1suk t\u00falmutat a hat\u00e9konys\u00e1gi mutat\u00f3kon, \u00e9s t\u00e1rsadalmi hat\u00e1sokat is mag\u00e1ban foglal. A korm\u00e1nyz\u00e1s biztos\u00edtja azt a strukt\u00far\u00e1t, amelyen kereszt\u00fcl az innov\u00e1ci\u00f3 fenntarthat\u00f3v\u00e1 v\u00e1lik.<\/p>\n\n\n\n<p>Azok a szervezetek, amelyek az AI \u00e1talakul\u00e1st korm\u00e1nyz\u00e1si kih\u00edv\u00e1sk\u00e9nt ismerik fel, jobb helyzetben lesznek a bizalom ki\u00e9p\u00edt\u00e9s\u00e9re, a szab\u00e1lyoz\u00e1soknak val\u00f3 megfelel\u00e9sre \u00e9s a v\u00e1ltoz\u00f3 szabv\u00e1nyokhoz val\u00f3 alkalmazkod\u00e1sra. Azok, akik a korm\u00e1nyz\u00e1st m\u00e1sodlagosk\u00e9nt kezelik, h\u00edrn\u00e9v k\u00e1rosod\u00e1s\u00e1t, szab\u00e1lyoz\u00e1si b\u00fcntet\u00e9seket \u00e9s m\u0171k\u00f6d\u00e9si zavarokat kock\u00e1ztatnak.<\/p>\n\n\n\n<p>Hossz\u00fa t\u00e1von a versenyel\u0151ny nem azok\u00e9 lesz, akik a leggyorsabban vezetik be az AI-t, hanem azok\u00e9, akik a legjobban korm\u00e1nyozz\u00e1k azt.<\/p>","protected":false},"excerpt":{"rendered":"<p>A mesters\u00e9ges intelligencia p\u00e9ld\u00e1tlan sebess\u00e9ggel alak\u00edtja \u00e1t az ipar\u00e1gakat, de legnagyobb kih\u00edv\u00e1sa nem technol\u00f3giai, hanem struktur\u00e1lis. Az MI \u00e1talakul\u00e1sa v\u00e9gs\u0151 soron ir\u00e1ny\u00edt\u00e1si probl\u00e9ma. Az adatszuverenit\u00e1st\u00f3l \u00e9s a szab\u00e1lyoz\u00e1si norm\u00e1kt\u00f3l az MI \u00e1tl\u00e1that\u00f3s\u00e1g\u00e1ig, emberi fel\u00fcgyeletig \u00e9s glob\u00e1lis koordin\u00e1ci\u00f3ig a szervezeteknek \u00e1tfog\u00f3 ir\u00e1ny\u00edt\u00e1si keretrendszereket kell kialak\u00edtaniuk annak \u00e9rdek\u00e9ben, hogy az innov\u00e1ci\u00f3 etikus, megfelel\u0151s\u00e9gi \u00e9s elsz\u00e1moltathat\u00f3 maradjon. Er\u0151s ir\u00e1ny\u00edt\u00e1si alapok n\u00e9lk\u00fcl az MI rendszerek kock\u00e1ztatj\u00e1k az elfogults\u00e1g feler\u0151s\u00edt\u00e9s\u00e9t, a megfelel\u0151s\u00e9gi hi\u00e1nyoss\u00e1gok l\u00e9trehoz\u00e1s\u00e1t \u00e9s a k\u00f6zbizalom al\u00e1\u00e1s\u00e1s\u00e1t. Az MI j\u00f6v\u0151je nem azok\u00e9 lesz, akik a leggyorsabban alkalmazz\u00e1k, hanem azok\u00e9, akik a leghat\u00e9konyabban ir\u00e1ny\u00edtj\u00e1k.<\/p>","protected":false},"author":3,"featured_media":5341,"comment_status":"closed","ping_status":"closed","sticky":false,"template":"","format":"standard","meta":{"footnotes":""},"categories":[9],"tags":[],"class_list":["post-5338","post","type-post","status-publish","format-standard","has-post-thumbnail","hentry","category-ai","entry"],"yoast_head":"<!-- This site is optimized with the Yoast SEO plugin v26.8 - https:\/\/yoast.com\/product\/yoast-seo-wordpress\/ -->\n<title>AI Transformation Is a Problem of Governance | Security Briefing<\/title>\n<meta name=\"description\" content=\"Artificial Intelligence is reshaping industries at unprecedented speed, but its greatest challenge is not technological, it is structural. AI transformation is ultimately a problem of governance. From data sovereignty and regulatory standards to AI transparency, human oversight, and global coordination, organizations must build comprehensive governance frameworks to ensure innovation remains ethical, compliant, and accountable. Without strong governance foundations, AI systems risk amplifying bias, creating compliance gaps, and undermining public trust. The future of AI will belong not to those who deploy it fastest, but to those who govern it most effectively.\" \/>\n<meta name=\"robots\" content=\"index, follow, max-snippet:-1, max-image-preview:large, max-video-preview:-1\" \/>\n<link rel=\"canonical\" href=\"https:\/\/securitybriefing.net\/hu\/mesterseges-intelligencia\/az-ai-atalakulas-a-kormanyzas-problemaja\/\" \/>\n<meta property=\"og:locale\" content=\"hu_HU\" \/>\n<meta property=\"og:type\" content=\"article\" \/>\n<meta property=\"og:title\" content=\"AI Transformation Is a Problem of Governance | Security Briefing\" \/>\n<meta property=\"og:description\" content=\"Artificial Intelligence is reshaping industries at unprecedented speed, but its greatest challenge is not technological, it is structural. AI transformation is ultimately a problem of governance. From data sovereignty and regulatory standards to AI transparency, human oversight, and global coordination, organizations must build comprehensive governance frameworks to ensure innovation remains ethical, compliant, and accountable. Without strong governance foundations, AI systems risk amplifying bias, creating compliance gaps, and undermining public trust. The future of AI will belong not to those who deploy it fastest, but to those who govern it most effectively.\" \/>\n<meta property=\"og:url\" content=\"https:\/\/securitybriefing.net\/hu\/mesterseges-intelligencia\/az-ai-atalakulas-a-kormanyzas-problemaja\/\" \/>\n<meta property=\"og:site_name\" content=\"Security Briefing\" \/>\n<meta property=\"article:published_time\" content=\"2026-02-19T19:37:20+00:00\" \/>\n<meta property=\"article:modified_time\" content=\"2026-02-27T15:59:05+00:00\" \/>\n<meta property=\"og:image\" content=\"https:\/\/securitybriefing.net\/wp-content\/uploads\/2026\/02\/AI-Transformation-Is-a-Problem-of-Governance.jpg\" \/>\n\t<meta property=\"og:image:width\" content=\"1600\" \/>\n\t<meta property=\"og:image:height\" content=\"800\" \/>\n\t<meta property=\"og:image:type\" content=\"image\/jpeg\" \/>\n<meta name=\"author\" content=\"C\u00e9sar Daniel Barreto\" \/>\n<meta name=\"twitter:card\" content=\"summary_large_image\" \/>\n<meta name=\"twitter:label1\" content=\"Szerz\u0151:\" \/>\n\t<meta name=\"twitter:data1\" content=\"C\u00e9sar Daniel Barreto\" \/>\n\t<meta name=\"twitter:label2\" content=\"Becs\u00fclt olvas\u00e1si id\u0151\" \/>\n\t<meta name=\"twitter:data2\" content=\"11 perc\" \/>\n<script type=\"application\/ld+json\" class=\"yoast-schema-graph\">{\"@context\":\"https:\/\/schema.org\",\"@graph\":[{\"@type\":\"Article\",\"@id\":\"https:\/\/securitybriefing.net\/ai\/ai-transformation-is-a-problem-of-governance\/#article\",\"isPartOf\":{\"@id\":\"https:\/\/securitybriefing.net\/ai\/ai-transformation-is-a-problem-of-governance\/\"},\"author\":{\"name\":\"C\u00e9sar Daniel Barreto\",\"@id\":\"https:\/\/securitybriefing.net\/#\/schema\/person\/0230d7aa907e63f4dde268df6f63ed44\"},\"headline\":\"AI Transformation Is a Problem of Governance\",\"datePublished\":\"2026-02-19T19:37:20+00:00\",\"dateModified\":\"2026-02-27T15:59:05+00:00\",\"mainEntityOfPage\":{\"@id\":\"https:\/\/securitybriefing.net\/ai\/ai-transformation-is-a-problem-of-governance\/\"},\"wordCount\":2420,\"publisher\":{\"@id\":\"https:\/\/securitybriefing.net\/#organization\"},\"image\":{\"@id\":\"https:\/\/securitybriefing.net\/ai\/ai-transformation-is-a-problem-of-governance\/#primaryimage\"},\"thumbnailUrl\":\"https:\/\/securitybriefing.net\/wp-content\/uploads\/2026\/02\/AI-Transformation-Is-a-Problem-of-Governance.jpg\",\"articleSection\":[\"ai\"],\"inLanguage\":\"hu\"},{\"@type\":\"WebPage\",\"@id\":\"https:\/\/securitybriefing.net\/ai\/ai-transformation-is-a-problem-of-governance\/\",\"url\":\"https:\/\/securitybriefing.net\/ai\/ai-transformation-is-a-problem-of-governance\/\",\"name\":\"AI Transformation Is a Problem of Governance | Security Briefing\",\"isPartOf\":{\"@id\":\"https:\/\/securitybriefing.net\/#website\"},\"primaryImageOfPage\":{\"@id\":\"https:\/\/securitybriefing.net\/ai\/ai-transformation-is-a-problem-of-governance\/#primaryimage\"},\"image\":{\"@id\":\"https:\/\/securitybriefing.net\/ai\/ai-transformation-is-a-problem-of-governance\/#primaryimage\"},\"thumbnailUrl\":\"https:\/\/securitybriefing.net\/wp-content\/uploads\/2026\/02\/AI-Transformation-Is-a-Problem-of-Governance.jpg\",\"datePublished\":\"2026-02-19T19:37:20+00:00\",\"dateModified\":\"2026-02-27T15:59:05+00:00\",\"description\":\"Artificial Intelligence is reshaping industries at unprecedented speed, but its greatest challenge is not technological, it is structural. AI transformation is ultimately a problem of governance. From data sovereignty and regulatory standards to AI transparency, human oversight, and global coordination, organizations must build comprehensive governance frameworks to ensure innovation remains ethical, compliant, and accountable. Without strong governance foundations, AI systems risk amplifying bias, creating compliance gaps, and undermining public trust. The future of AI will belong not to those who deploy it fastest, but to those who govern it most effectively.\",\"breadcrumb\":{\"@id\":\"https:\/\/securitybriefing.net\/ai\/ai-transformation-is-a-problem-of-governance\/#breadcrumb\"},\"inLanguage\":\"hu\",\"potentialAction\":[{\"@type\":\"ReadAction\",\"target\":[\"https:\/\/securitybriefing.net\/ai\/ai-transformation-is-a-problem-of-governance\/\"]}]},{\"@type\":\"ImageObject\",\"inLanguage\":\"hu\",\"@id\":\"https:\/\/securitybriefing.net\/ai\/ai-transformation-is-a-problem-of-governance\/#primaryimage\",\"url\":\"https:\/\/securitybriefing.net\/wp-content\/uploads\/2026\/02\/AI-Transformation-Is-a-Problem-of-Governance.jpg\",\"contentUrl\":\"https:\/\/securitybriefing.net\/wp-content\/uploads\/2026\/02\/AI-Transformation-Is-a-Problem-of-Governance.jpg\",\"width\":1600,\"height\":800,\"caption\":\"Woman interacting with an AI interface hologram, symbolizing governance, AI ethics, transparency, and responsible AI transformation\"},{\"@type\":\"BreadcrumbList\",\"@id\":\"https:\/\/securitybriefing.net\/ai\/ai-transformation-is-a-problem-of-governance\/#breadcrumb\",\"itemListElement\":[{\"@type\":\"ListItem\",\"position\":1,\"name\":\"Home\",\"item\":\"https:\/\/securitybriefing.net\/\"},{\"@type\":\"ListItem\",\"position\":2,\"name\":\"AI Transformation Is a Problem of Governance\"}]},{\"@type\":\"WebSite\",\"@id\":\"https:\/\/securitybriefing.net\/#website\",\"url\":\"https:\/\/securitybriefing.net\/\",\"name\":\"Security Briefing\",\"description\":\"Read cybersecurity news, online safety guides, cyber threat updates, and use free security tools from Security Briefing.\",\"publisher\":{\"@id\":\"https:\/\/securitybriefing.net\/#organization\"},\"potentialAction\":[{\"@type\":\"SearchAction\",\"target\":{\"@type\":\"EntryPoint\",\"urlTemplate\":\"https:\/\/securitybriefing.net\/?s={search_term_string}\"},\"query-input\":{\"@type\":\"PropertyValueSpecification\",\"valueRequired\":true,\"valueName\":\"search_term_string\"}}],\"inLanguage\":\"hu\"},{\"@type\":\"Organization\",\"@id\":\"https:\/\/securitybriefing.net\/#organization\",\"name\":\"Security Briefing\",\"url\":\"https:\/\/securitybriefing.net\/\",\"logo\":{\"@type\":\"ImageObject\",\"inLanguage\":\"hu\",\"@id\":\"https:\/\/securitybriefing.net\/#\/schema\/logo\/image\/\",\"url\":\"https:\/\/securitybriefing.net\/wp-content\/uploads\/2023\/06\/security-briefing-logo-5.png\",\"contentUrl\":\"https:\/\/securitybriefing.net\/wp-content\/uploads\/2023\/06\/security-briefing-logo-5.png\",\"width\":256,\"height\":70,\"caption\":\"Security Briefing\"},\"image\":{\"@id\":\"https:\/\/securitybriefing.net\/#\/schema\/logo\/image\/\"}},{\"@type\":\"Person\",\"@id\":\"https:\/\/securitybriefing.net\/#\/schema\/person\/0230d7aa907e63f4dde268df6f63ed44\",\"name\":\"C\u00e9sar Daniel Barreto\",\"image\":{\"@type\":\"ImageObject\",\"inLanguage\":\"hu\",\"@id\":\"https:\/\/securitybriefing.net\/#\/schema\/person\/image\/\",\"url\":\"https:\/\/secure.gravatar.com\/avatar\/9e709cab74f02e628ffc32849980d0ea51903be7d4bcb52e99250bac60f0b683?s=96&d=mm&r=g\",\"contentUrl\":\"https:\/\/secure.gravatar.com\/avatar\/9e709cab74f02e628ffc32849980d0ea51903be7d4bcb52e99250bac60f0b683?s=96&d=mm&r=g\",\"caption\":\"C\u00e9sar Daniel Barreto\"},\"description\":\"C\u00e9sar Daniel Barreto is an esteemed cybersecurity writer and expert, known for his in-depth knowledge and ability to simplify complex cyber security topics. With extensive experience in network security and data protection, he regularly contributes insightful articles and analysis on the latest cybersecurity trends, educating both professionals and the public.\",\"url\":\"https:\/\/securitybriefing.net\/hu\/author\/cesarbarreto\/\"}]}<\/script>\n<!-- \/ Yoast SEO plugin. -->","yoast_head_json":{"title":"Az MI \u00e1talakul\u00e1s a korm\u00e1nyz\u00e1s probl\u00e9m\u00e1ja | Biztons\u00e1gi t\u00e1j\u00e9koztat\u00f3","description":"A mesters\u00e9ges intelligencia p\u00e9ld\u00e1tlan sebess\u00e9ggel alak\u00edtja \u00e1t az ipar\u00e1gakat, de legnagyobb kih\u00edv\u00e1sa nem technol\u00f3giai, hanem struktur\u00e1lis. Az MI \u00e1talakul\u00e1sa v\u00e9gs\u0151 soron ir\u00e1ny\u00edt\u00e1si probl\u00e9ma. Az adatszuverenit\u00e1st\u00f3l \u00e9s a szab\u00e1lyoz\u00e1si norm\u00e1kt\u00f3l az MI \u00e1tl\u00e1that\u00f3s\u00e1g\u00e1ig, emberi fel\u00fcgyeletig \u00e9s glob\u00e1lis koordin\u00e1ci\u00f3ig a szervezeteknek \u00e1tfog\u00f3 ir\u00e1ny\u00edt\u00e1si keretrendszereket kell kialak\u00edtaniuk annak \u00e9rdek\u00e9ben, hogy az innov\u00e1ci\u00f3 etikus, megfelel\u0151s\u00e9gi \u00e9s elsz\u00e1moltathat\u00f3 maradjon. Er\u0151s ir\u00e1ny\u00edt\u00e1si alapok n\u00e9lk\u00fcl az MI rendszerek kock\u00e1ztatj\u00e1k az elfogults\u00e1g feler\u0151s\u00edt\u00e9s\u00e9t, a megfelel\u0151s\u00e9gi hi\u00e1nyoss\u00e1gok l\u00e9trehoz\u00e1s\u00e1t \u00e9s a k\u00f6zbizalom al\u00e1\u00e1s\u00e1s\u00e1t. Az MI j\u00f6v\u0151je nem azok\u00e9 lesz, akik a leggyorsabban alkalmazz\u00e1k, hanem azok\u00e9, akik a leghat\u00e9konyabban ir\u00e1ny\u00edtj\u00e1k.","robots":{"index":"index","follow":"follow","max-snippet":"max-snippet:-1","max-image-preview":"max-image-preview:large","max-video-preview":"max-video-preview:-1"},"canonical":"https:\/\/securitybriefing.net\/hu\/mesterseges-intelligencia\/az-ai-atalakulas-a-kormanyzas-problemaja\/","og_locale":"hu_HU","og_type":"article","og_title":"AI Transformation Is a Problem of Governance | Security Briefing","og_description":"Artificial Intelligence is reshaping industries at unprecedented speed, but its greatest challenge is not technological, it is structural. AI transformation is ultimately a problem of governance. From data sovereignty and regulatory standards to AI transparency, human oversight, and global coordination, organizations must build comprehensive governance frameworks to ensure innovation remains ethical, compliant, and accountable. Without strong governance foundations, AI systems risk amplifying bias, creating compliance gaps, and undermining public trust. The future of AI will belong not to those who deploy it fastest, but to those who govern it most effectively.","og_url":"https:\/\/securitybriefing.net\/hu\/mesterseges-intelligencia\/az-ai-atalakulas-a-kormanyzas-problemaja\/","og_site_name":"Security Briefing","article_published_time":"2026-02-19T19:37:20+00:00","article_modified_time":"2026-02-27T15:59:05+00:00","og_image":[{"width":1600,"height":800,"url":"https:\/\/securitybriefing.net\/wp-content\/uploads\/2026\/02\/AI-Transformation-Is-a-Problem-of-Governance.jpg","type":"image\/jpeg"}],"author":"C\u00e9sar Daniel Barreto","twitter_card":"summary_large_image","twitter_misc":{"Szerz\u0151:":"C\u00e9sar Daniel Barreto","Becs\u00fclt olvas\u00e1si id\u0151":"11 perc"},"schema":{"@context":"https:\/\/schema.org","@graph":[{"@type":"Article","@id":"https:\/\/securitybriefing.net\/ai\/ai-transformation-is-a-problem-of-governance\/#article","isPartOf":{"@id":"https:\/\/securitybriefing.net\/ai\/ai-transformation-is-a-problem-of-governance\/"},"author":{"name":"C\u00e9sar Daniel Barreto","@id":"https:\/\/securitybriefing.net\/#\/schema\/person\/0230d7aa907e63f4dde268df6f63ed44"},"headline":"AI Transformation Is a Problem of Governance","datePublished":"2026-02-19T19:37:20+00:00","dateModified":"2026-02-27T15:59:05+00:00","mainEntityOfPage":{"@id":"https:\/\/securitybriefing.net\/ai\/ai-transformation-is-a-problem-of-governance\/"},"wordCount":2420,"publisher":{"@id":"https:\/\/securitybriefing.net\/#organization"},"image":{"@id":"https:\/\/securitybriefing.net\/ai\/ai-transformation-is-a-problem-of-governance\/#primaryimage"},"thumbnailUrl":"https:\/\/securitybriefing.net\/wp-content\/uploads\/2026\/02\/AI-Transformation-Is-a-Problem-of-Governance.jpg","articleSection":["ai"],"inLanguage":"hu"},{"@type":"WebPage","@id":"https:\/\/securitybriefing.net\/ai\/ai-transformation-is-a-problem-of-governance\/","url":"https:\/\/securitybriefing.net\/ai\/ai-transformation-is-a-problem-of-governance\/","name":"Az MI \u00e1talakul\u00e1s a korm\u00e1nyz\u00e1s probl\u00e9m\u00e1ja | Biztons\u00e1gi t\u00e1j\u00e9koztat\u00f3","isPartOf":{"@id":"https:\/\/securitybriefing.net\/#website"},"primaryImageOfPage":{"@id":"https:\/\/securitybriefing.net\/ai\/ai-transformation-is-a-problem-of-governance\/#primaryimage"},"image":{"@id":"https:\/\/securitybriefing.net\/ai\/ai-transformation-is-a-problem-of-governance\/#primaryimage"},"thumbnailUrl":"https:\/\/securitybriefing.net\/wp-content\/uploads\/2026\/02\/AI-Transformation-Is-a-Problem-of-Governance.jpg","datePublished":"2026-02-19T19:37:20+00:00","dateModified":"2026-02-27T15:59:05+00:00","description":"A mesters\u00e9ges intelligencia p\u00e9ld\u00e1tlan sebess\u00e9ggel alak\u00edtja \u00e1t az ipar\u00e1gakat, de legnagyobb kih\u00edv\u00e1sa nem technol\u00f3giai, hanem struktur\u00e1lis. Az MI \u00e1talakul\u00e1sa v\u00e9gs\u0151 soron ir\u00e1ny\u00edt\u00e1si probl\u00e9ma. Az adatszuverenit\u00e1st\u00f3l \u00e9s a szab\u00e1lyoz\u00e1si norm\u00e1kt\u00f3l az MI \u00e1tl\u00e1that\u00f3s\u00e1g\u00e1ig, emberi fel\u00fcgyeletig \u00e9s glob\u00e1lis koordin\u00e1ci\u00f3ig a szervezeteknek \u00e1tfog\u00f3 ir\u00e1ny\u00edt\u00e1si keretrendszereket kell kialak\u00edtaniuk annak \u00e9rdek\u00e9ben, hogy az innov\u00e1ci\u00f3 etikus, megfelel\u0151s\u00e9gi \u00e9s elsz\u00e1moltathat\u00f3 maradjon. Er\u0151s ir\u00e1ny\u00edt\u00e1si alapok n\u00e9lk\u00fcl az MI rendszerek kock\u00e1ztatj\u00e1k az elfogults\u00e1g feler\u0151s\u00edt\u00e9s\u00e9t, a megfelel\u0151s\u00e9gi hi\u00e1nyoss\u00e1gok l\u00e9trehoz\u00e1s\u00e1t \u00e9s a k\u00f6zbizalom al\u00e1\u00e1s\u00e1s\u00e1t. Az MI j\u00f6v\u0151je nem azok\u00e9 lesz, akik a leggyorsabban alkalmazz\u00e1k, hanem azok\u00e9, akik a leghat\u00e9konyabban ir\u00e1ny\u00edtj\u00e1k.","breadcrumb":{"@id":"https:\/\/securitybriefing.net\/ai\/ai-transformation-is-a-problem-of-governance\/#breadcrumb"},"inLanguage":"hu","potentialAction":[{"@type":"ReadAction","target":["https:\/\/securitybriefing.net\/ai\/ai-transformation-is-a-problem-of-governance\/"]}]},{"@type":"ImageObject","inLanguage":"hu","@id":"https:\/\/securitybriefing.net\/ai\/ai-transformation-is-a-problem-of-governance\/#primaryimage","url":"https:\/\/securitybriefing.net\/wp-content\/uploads\/2026\/02\/AI-Transformation-Is-a-Problem-of-Governance.jpg","contentUrl":"https:\/\/securitybriefing.net\/wp-content\/uploads\/2026\/02\/AI-Transformation-Is-a-Problem-of-Governance.jpg","width":1600,"height":800,"caption":"Woman interacting with an AI interface hologram, symbolizing governance, AI ethics, transparency, and responsible AI transformation"},{"@type":"BreadcrumbList","@id":"https:\/\/securitybriefing.net\/ai\/ai-transformation-is-a-problem-of-governance\/#breadcrumb","itemListElement":[{"@type":"ListItem","position":1,"name":"Home","item":"https:\/\/securitybriefing.net\/"},{"@type":"ListItem","position":2,"name":"AI Transformation Is a Problem of Governance"}]},{"@type":"WebSite","@id":"https:\/\/securitybriefing.net\/#website","url":"https:\/\/securitybriefing.net\/","name":"Biztons\u00e1gi t\u00e1j\u00e9koztat\u00f3","description":"Read cybersecurity news, online safety guides, cyber threat updates, and use free security tools from Security Briefing.","publisher":{"@id":"https:\/\/securitybriefing.net\/#organization"},"potentialAction":[{"@type":"SearchAction","target":{"@type":"EntryPoint","urlTemplate":"https:\/\/securitybriefing.net\/?s={search_term_string}"},"query-input":{"@type":"PropertyValueSpecification","valueRequired":true,"valueName":"search_term_string"}}],"inLanguage":"hu"},{"@type":"Organization","@id":"https:\/\/securitybriefing.net\/#organization","name":"Biztons\u00e1gi t\u00e1j\u00e9koztat\u00f3","url":"https:\/\/securitybriefing.net\/","logo":{"@type":"ImageObject","inLanguage":"hu","@id":"https:\/\/securitybriefing.net\/#\/schema\/logo\/image\/","url":"https:\/\/securitybriefing.net\/wp-content\/uploads\/2023\/06\/security-briefing-logo-5.png","contentUrl":"https:\/\/securitybriefing.net\/wp-content\/uploads\/2023\/06\/security-briefing-logo-5.png","width":256,"height":70,"caption":"Security Briefing"},"image":{"@id":"https:\/\/securitybriefing.net\/#\/schema\/logo\/image\/"}},{"@type":"Person","@id":"https:\/\/securitybriefing.net\/#\/schema\/person\/0230d7aa907e63f4dde268df6f63ed44","name":"C\u00e9sar D\u00e1niel Barreto","image":{"@type":"ImageObject","inLanguage":"hu","@id":"https:\/\/securitybriefing.net\/#\/schema\/person\/image\/","url":"https:\/\/secure.gravatar.com\/avatar\/9e709cab74f02e628ffc32849980d0ea51903be7d4bcb52e99250bac60f0b683?s=96&d=mm&r=g","contentUrl":"https:\/\/secure.gravatar.com\/avatar\/9e709cab74f02e628ffc32849980d0ea51903be7d4bcb52e99250bac60f0b683?s=96&d=mm&r=g","caption":"C\u00e9sar Daniel Barreto"},"description":"C\u00e9sar Daniel Barreto elismert kiberbiztons\u00e1gi \u00edr\u00f3 \u00e9s szak\u00e9rt\u0151, aki m\u00e9lyrehat\u00f3 tud\u00e1s\u00e1r\u00f3l \u00e9s k\u00e9pess\u00e9g\u00e9r\u0151l ismert, hogy egyszer\u0171s\u00edtse a bonyolult kiberbiztons\u00e1gi t\u00e9m\u00e1kat. Kiterjedt h\u00e1l\u00f3zatbiztons\u00e1gi \u00e9s adatv\u00e9delmi tapasztalattal rendelkezik, rendszeresen k\u00f6z\u00f6l betekint\u0151 cikkeket \u00e9s elemz\u00e9seket a leg\u00fajabb kiberbiztons\u00e1gi trendekr\u0151l, oktatva mind a szakembereket, mind a nagyk\u00f6z\u00f6ns\u00e9get.","url":"https:\/\/securitybriefing.net\/hu\/author\/cesarbarreto\/"}]}},"_links":{"self":[{"href":"https:\/\/securitybriefing.net\/hu\/wp-json\/wp\/v2\/posts\/5338","targetHints":{"allow":["GET"]}}],"collection":[{"href":"https:\/\/securitybriefing.net\/hu\/wp-json\/wp\/v2\/posts"}],"about":[{"href":"https:\/\/securitybriefing.net\/hu\/wp-json\/wp\/v2\/types\/post"}],"author":[{"embeddable":true,"href":"https:\/\/securitybriefing.net\/hu\/wp-json\/wp\/v2\/users\/3"}],"replies":[{"embeddable":true,"href":"https:\/\/securitybriefing.net\/hu\/wp-json\/wp\/v2\/comments?post=5338"}],"version-history":[{"count":4,"href":"https:\/\/securitybriefing.net\/hu\/wp-json\/wp\/v2\/posts\/5338\/revisions"}],"predecessor-version":[{"id":5598,"href":"https:\/\/securitybriefing.net\/hu\/wp-json\/wp\/v2\/posts\/5338\/revisions\/5598"}],"wp:featuredmedia":[{"embeddable":true,"href":"https:\/\/securitybriefing.net\/hu\/wp-json\/wp\/v2\/media\/5341"}],"wp:attachment":[{"href":"https:\/\/securitybriefing.net\/hu\/wp-json\/wp\/v2\/media?parent=5338"}],"wp:term":[{"taxonomy":"category","embeddable":true,"href":"https:\/\/securitybriefing.net\/hu\/wp-json\/wp\/v2\/categories?post=5338"},{"taxonomy":"post_tag","embeddable":true,"href":"https:\/\/securitybriefing.net\/hu\/wp-json\/wp\/v2\/tags?post=5338"}],"curies":[{"name":"wp","href":"https:\/\/api.w.org\/{rel}","templated":true}]}}